{"id":91258,"date":"2025-11-27T13:38:29","date_gmt":"2025-11-27T13:38:29","guid":{"rendered":"https:\/\/www.europesays.com\/se\/91258\/"},"modified":"2025-11-27T13:38:29","modified_gmt":"2025-11-27T13:38:29","slug":"israel-aterbordar-15-doda-palestinier","status":"publish","type":"post","link":"https:\/\/www.europesays.com\/se\/91258\/","title":{"rendered":"Israel \u00e5terb\u00f6rdar 15 d\u00f6da palestinier"},"content":{"rendered":"<p>Kvarlevor efter ytterligare 15 palestinier har l\u00e4mnats \u00f6ver till Gaza, meddelar omr\u00e5dets Hamasstyrda h\u00e4lsodepartement. Beskedet kommer efter det att Israel identifierat den kropp som Hamas \u00e5terl\u00e4mnade p\u00e5 tisdagen som en gisslantagen israel. <\/p>\n<p>Enligt avtalet om vapenvila mellan Hamas och Israel den 10 oktober i \u00e5r har kvarlevorna efter personer som togs som gisslan under Hamas samordnade attack mot Israel den 7 oktober 2023 successivt \u00e5terl\u00e4mnats. <\/p>\n<p>Enligt det r\u00e5dande avtalet ska Israel \u00e5terb\u00f6rda 15 d\u00f6da palestinier f\u00f6r varje d\u00f6d israel som \u00f6verl\u00e4mnas fr\u00e5n Gaza.<\/p>\n","protected":false},"excerpt":{"rendered":"Kvarlevor efter ytterligare 15 palestinier har l\u00e4mnats \u00f6ver till Gaza, meddelar omr\u00e5dets Hamasstyrda h\u00e4lsodepartement. Beskedet kommer efter det&hellip;\n","protected":false},"author":2,"featured_media":91259,"comment_status":"","ping_status":"","sticky":false,"template":"","format":"standard","meta":{"footnotes":""},"categories":[14],"tags":[22,23,26,27,17,21,24,25,28,29,15,16,18,34,31,33,32,30,19,20,51,52,53,54],"class_list":{"0":"post-91258","1":"post","2":"type-post","3":"status-publish","4":"format-standard","5":"has-post-thumbnail","7":"category-varlden","8":"tag-breaking-news","9":"tag-breakingnews","10":"tag-featured-news","11":"tag-featurednews","12":"tag-headlines","13":"tag-huvudnyheter","14":"tag-latest-news","15":"tag-latestnews","16":"tag-main-news","17":"tag-mainnews","18":"tag-news","19":"tag-nyheter","20":"tag-rubriker","21":"tag-se","22":"tag-svenska","23":"tag-sverige","24":"tag-sweden","25":"tag-swedish","26":"tag-top-stories","27":"tag-topstories","28":"tag-varlden","29":"tag-world","30":"tag-world-news","31":"tag-worldnews"},"share_on_mastodon":{"url":"https:\/\/pubeurope.com\/@se\/115621940627050998","error":""},"_links":{"self":[{"href":"https:\/\/www.europesays.com\/se\/wp-json\/wp\/v2\/posts\/91258","targetHints":{"allow":["GET"]}}],"collection":[{"href":"https:\/\/www.europesays.com\/se\/wp-json\/wp\/v2\/posts"}],"about":[{"href":"https:\/\/www.europesays.com\/se\/wp-json\/wp\/v2\/types\/post"}],"author":[{"embeddable":true,"href":"https:\/\/www.europesays.com\/se\/wp-json\/wp\/v2\/users\/2"}],"replies":[{"embeddable":true,"href":"https:\/\/www.europesays.com\/se\/wp-json\/wp\/v2\/comments?post=91258"}],"version-history":[{"count":0,"href":"https:\/\/www.europesays.com\/se\/wp-json\/wp\/v2\/posts\/91258\/revisions"}],"wp:featuredmedia":[{"embeddable":true,"href":"https:\/\/www.europesays.com\/se\/wp-json\/wp\/v2\/media\/91259"}],"wp:attachment":[{"href":"https:\/\/www.europesays.com\/se\/wp-json\/wp\/v2\/media?parent=91258"}],"wp:term":[{"taxonomy":"category","embeddable":true,"href":"https:\/\/www.europesays.com\/se\/wp-json\/wp\/v2\/categories?post=91258"},{"taxonomy":"post_tag","embeddable":true,"href":"https:\/\/www.europesays.com\/se\/wp-json\/wp\/v2\/tags?post=91258"}],"curies":[{"name":"wp","href":"https:\/\/api.w.org\/{rel}","templated":true}]}}