{"id":91311,"date":"2025-11-27T14:36:12","date_gmt":"2025-11-27T14:36:12","guid":{"rendered":"https:\/\/www.europesays.com\/se\/91311\/"},"modified":"2025-11-27T14:36:12","modified_gmt":"2025-11-27T14:36:12","slug":"nyforvarvets-mardrom-blir-borta-lange","status":"publish","type":"post","link":"https:\/\/www.europesays.com\/se\/91311\/","title":{"rendered":"Nyf\u00f6rv\u00e4rvets mardr\u00f6m: Blir borta l\u00e4nge"},"content":{"rendered":"<p><strong>Hampus Eriksson \u00e5drog sig en \u00f6verkroppsskada i matchen mot Lule\u00e5 i l\u00f6rdags.\u00a0Nu st\u00e5r det klart att han blir borta l\u00e4nge.<\/strong><\/p>\n<p><a href=\"https:\/\/hockeysverige.se\/klubb\/hv71\/\" rel=\"nofollow noopener\" target=\"_blank\">HV71<\/a> v\u00e4rvade f\u00f6r en dryg vecka sedan Hampus Eriksson fr\u00e5n Nybro. Eriksson debuterade f\u00f6rra torsdagen mot <a href=\"https:\/\/hockeysverige.se\/klubb\/farjestad-bk\/\" rel=\"nofollow noopener\" target=\"_blank\">F\u00e4rjestad<\/a> och spelade \u00e4ven mot <a href=\"https:\/\/hockeysverige.se\/klubb\/lulea-hockey\/\" rel=\"nofollow noopener\" target=\"_blank\">Lule\u00e5<\/a> i l\u00f6rdags \u2013 men d\u00e5 var olyckan framme. Nyf\u00f6rv\u00e4rvet \u00e5drog sig en \u00f6verkroppsskada.<\/p>\n<p>Nu st\u00e5r det klart att han blir borta l\u00e4nge. <a href=\"https:\/\/hockeysverige.se\/shl\/\" rel=\"nofollow noopener\" target=\"_blank\">SHL:s<\/a> n\u00e4stjumbo meddelar via sin l\u00e4kare Jonas Kalman att Eriksson gipsats och blir borta i fyra till sex veckor. Han kan d\u00e4rmed ha spelat klart f\u00f6r 2025.<\/p>\n<p>Hampus Eriksson gjorde 4+6 p\u00e5 19 matcher f\u00f6r Nybro den h\u00e4r s\u00e4songen, men hann inte g\u00f6ra n\u00e5gon po\u00e4ng p\u00e5 de tv\u00e5 matcher han spelade f\u00f6r HV71 innan skadan.<\/p>\n<blockquote class=\"instagram-media\" data-instgrm-captioned=\"\" data-instgrm-permalink=\"https:\/\/www.instagram.com\/p\/DRjxZ8Limce\/?utm_source=ig_embed&amp;utm_campaign=loading\" data-instgrm-version=\"14\" style=\" background:#FFF; border:0; border-radius:3px; box-shadow:0 0 1px 0 rgba(0,0,0,0.5),0 1px 10px 0 rgba(0,0,0,0.15); margin: 1px; max-width:540px; min-width:326px; padding:0; width:99.375%; width:-webkit-calc(100% - 2px); width:calc(100% - 2px);\"\/>\n<p><script async src=\"\/\/www.instagram.com\/embed.js\"><\/script><\/p>\n","protected":false},"excerpt":{"rendered":"Hampus Eriksson \u00e5drog sig en \u00f6verkroppsskada i matchen mot Lule\u00e5 i l\u00f6rdags.\u00a0Nu st\u00e5r det klart att han blir&hellip;\n","protected":false},"author":2,"featured_media":91312,"comment_status":"","ping_status":"","sticky":false,"template":"","format":"standard","meta":{"footnotes":""},"categories":[5],"tags":[22,23,26,27,17,21,24,25,28,29,15,16,18,34,133,31,33,32,30,19,20],"class_list":{"0":"post-91311","1":"post","2":"type-post","3":"status-publish","4":"format-standard","5":"has-post-thumbnail","7":"category-rubriker","8":"tag-breaking-news","9":"tag-breakingnews","10":"tag-featured-news","11":"tag-featurednews","12":"tag-headlines","13":"tag-huvudnyheter","14":"tag-latest-news","15":"tag-latestnews","16":"tag-main-news","17":"tag-mainnews","18":"tag-news","19":"tag-nyheter","20":"tag-rubriker","21":"tag-se","22":"tag-second-news","23":"tag-svenska","24":"tag-sverige","25":"tag-sweden","26":"tag-swedish","27":"tag-top-stories","28":"tag-topstories"},"share_on_mastodon":{"url":"https:\/\/pubeurope.com\/@se\/115622169071416940","error":""},"_links":{"self":[{"href":"https:\/\/www.europesays.com\/se\/wp-json\/wp\/v2\/posts\/91311","targetHints":{"allow":["GET"]}}],"collection":[{"href":"https:\/\/www.europesays.com\/se\/wp-json\/wp\/v2\/posts"}],"about":[{"href":"https:\/\/www.europesays.com\/se\/wp-json\/wp\/v2\/types\/post"}],"author":[{"embeddable":true,"href":"https:\/\/www.europesays.com\/se\/wp-json\/wp\/v2\/users\/2"}],"replies":[{"embeddable":true,"href":"https:\/\/www.europesays.com\/se\/wp-json\/wp\/v2\/comments?post=91311"}],"version-history":[{"count":0,"href":"https:\/\/www.europesays.com\/se\/wp-json\/wp\/v2\/posts\/91311\/revisions"}],"wp:featuredmedia":[{"embeddable":true,"href":"https:\/\/www.europesays.com\/se\/wp-json\/wp\/v2\/media\/91312"}],"wp:attachment":[{"href":"https:\/\/www.europesays.com\/se\/wp-json\/wp\/v2\/media?parent=91311"}],"wp:term":[{"taxonomy":"category","embeddable":true,"href":"https:\/\/www.europesays.com\/se\/wp-json\/wp\/v2\/categories?post=91311"},{"taxonomy":"post_tag","embeddable":true,"href":"https:\/\/www.europesays.com\/se\/wp-json\/wp\/v2\/tags?post=91311"}],"curies":[{"name":"wp","href":"https:\/\/api.w.org\/{rel}","templated":true}]}}