{"id":91313,"date":"2025-11-27T14:37:10","date_gmt":"2025-11-27T14:37:10","guid":{"rendered":"https:\/\/www.europesays.com\/se\/91313\/"},"modified":"2025-11-27T14:37:10","modified_gmt":"2025-11-27T14:37:10","slug":"tatueringar-skulle-kunna-oka-risken-for-melanom","status":"publish","type":"post","link":"https:\/\/www.europesays.com\/se\/91313\/","title":{"rendered":"Tatueringar skulle kunna \u00f6ka risken f\u00f6r melanom"},"content":{"rendered":"<p>En ny studie fr\u00e5n Lunds universitet tyder p\u00e5 att tatueringar kan vara en riskfaktor f\u00f6r melanom. I studien syns en 29-procentig \u00f6kad melanomrisk f\u00f6r tatuerade personer, j\u00e4mf\u00f6rt med icke-tatuerade personer.<\/p>\n<p>Forskare vid Lunds universitet har under flera \u00e5r unders\u00f6kt eventuella <a class=\"glossaryLink\" aria-describedby=\"tt\" data-cmtooltip=\"&lt;div class=glossaryItemBody&gt; Tv\u00e5 saker verkar h\u00e4nga ihop \u2013 n\u00e4r den ena \u00e4ndras, \u00e4ndras ofta den andra ocks\u00e5. Men det betyder inte att den ena orsakar den  ...&lt;\/div&gt;&lt;div class=glossaryTooltipMoreLinkWrapper&gt;&lt;a class=glossaryTooltipMoreLink href=https:\/\/forskning.se\/ordlista\/korrelation\/ &gt;L\u00e4s mer&lt;\/a&gt;&lt;\/div&gt;\" href=\"https:\/\/forskning.se\/ordlista\/korrelation\/\" data-mobile-support=\"0\" data-gt-translate-attributes=\"[{\" attribute=\"\" tabindex=\"0\" role=\"link\" rel=\"nofollow noopener\" target=\"_blank\">samband<\/a> mellan tatueringar och cancer. <\/p>\n<p>\t\t<a href=\"https:\/\/forskning.se\/2023\/01\/10\/tatueringar-och-cancer-finns-det-ett-samband\/\" rel=\"nofollow noopener\" target=\"_blank\"><\/p>\n<p>\t\t\t\t\t<img loading=\"lazy\" decoding=\"async\" width=\"150\" height=\"150\" src=\"https:\/\/www.europesays.com\/se\/wp-content\/uploads\/2025\/11\/tatueringar_cancerrisk-150x150.jpg\" class=\"attachment-thumbnail size-thumbnail wp-post-image\" alt=\"\"\/>\t\t\t\t<\/p>\n<p>\n\t\t\t\t\t\t\t\t\t\t\tL\u00e4s:<br \/>\n\t\t\t\t\t\t\t\t\t\t\t\t\t\t\t\tTatueringar och cancer \u2013 finns det ett samband?\n\t\t\t\t\t\t\t\t\t<\/p>\n<p>\t\t\t\t<\/a><\/p>\n<p>Utg\u00e5ngspunkten \u00e4r att det inte finns mycket forskning och kunskap om l\u00e5ngsiktiga h\u00e4lsoeffekter av tatueringar.<\/p>\n<p>\u2013 Vi k\u00e4nner inte till de l\u00e5ngsiktiga h\u00e4lsoeffekterna av tatueringar. D\u00e4rf\u00f6r beh\u00f6ver vi klarg\u00f6ra hur kopplingen mellan tatueringsf\u00e4rg och hudcancer ser ut, s\u00e4ger Christel Nielsen, <a class=\"glossaryLink\" aria-describedby=\"tt\" data-cmtooltip=\"&lt;div class=glossaryItemBody&gt; Akademisk titel f\u00f6r forskare som har visat att de \u00e4r skickliga p\u00e5 b\u00e5de forskning och undervisning.&lt;br\/&gt;Den som blir docent har  ...&lt;\/div&gt;&lt;div class=glossaryTooltipMoreLinkWrapper&gt;&lt;a class=glossaryTooltipMoreLink href=https:\/\/forskning.se\/ordlista\/docent\/ &gt;L\u00e4s mer&lt;\/a&gt;&lt;\/div&gt;\" href=\"https:\/\/forskning.se\/ordlista\/docent\/\" data-mobile-support=\"0\" data-gt-translate-attributes=\"[{\" attribute=\"\" tabindex=\"0\" role=\"link\" rel=\"nofollow noopener\" target=\"_blank\">docent<\/a> och forskare i <a class=\"glossaryLink\" aria-describedby=\"tt\" data-cmtooltip=\"&lt;div class=glossaryItemBody&gt; L\u00e4ran om vem som blir sjuk och varf\u00f6r, och hur sjukdomar sprids och f\u00f6r\u00e4ndras \u00f6ver tid.&lt;br\/&gt;Epidemiologi handlar om att  ...&lt;\/div&gt;&lt;div class=glossaryTooltipMoreLinkWrapper&gt;&lt;a class=glossaryTooltipMoreLink href=https:\/\/forskning.se\/ordlista\/epidemiologi\/ &gt;L\u00e4s mer&lt;\/a&gt;&lt;\/div&gt;\" href=\"https:\/\/forskning.se\/ordlista\/epidemiologi\/\" data-mobile-support=\"0\" data-gt-translate-attributes=\"[{\" attribute=\"\" tabindex=\"0\" role=\"link\" rel=\"nofollow noopener\" target=\"_blank\">epidemiologi<\/a> vid Lunds universitet, i ett pressmeddelande.<\/p>\n<p>En tatuerad befolkning<\/p>\n<p>Ungef\u00e4r en av fem i Sverige \u00e4r tatuerade. Av kvinnor under 40 \u00e5r \u00e4r \u00f6ver 40 procent tatuerade. De flesta f\u00e5r sin f\u00f6rsta tatuering mellan 18 och 35 \u00e5r och vissa \u00e4r \u00e4nnu yngre. De yngre exponeras d\u00e4rmed f\u00f6r tatueringsf\u00e4rg under n\u00e4stan hela livet.<\/p>\n<p>Samtidigt har f\u00f6rekomsten av melanom, \u00e4ven kallat malignt melanom, \u00f6kat kraftigt under de senaste 30 \u00e5ren, bland annat p\u00e5 grund av mer UV-str\u00e5lning. Men \u00e4ven exponering f\u00f6r kemikalier misst\u00e4nks spela en roll.<\/p>\n<p>\u00c5rligen drabbas ungef\u00e4r 5 000 svenskar av melanom.<\/p>\n<p><img loading=\"lazy\" decoding=\"async\" width=\"1024\" height=\"576\" src=\"https:\/\/www.europesays.com\/se\/wp-content\/uploads\/2025\/11\/tatueringar-1024x576.jpg\" alt=\"Kvinna med tatuerad arm h\u00e5ller i tekopp.\" class=\"wp-image-77442\"  \/>Exponering f\u00f6r kemikalier tros \u00f6ka risk f\u00f6r hudcancer. Bild: Annie Spratt, Unsplash.<\/p>\n<p>Nya fynd om melanom<\/p>\n<p>Forskarnas f\u00f6rsta studie publicerades v\u00e5ren 2024 och visade p\u00e5 ett m\u00f6jligt samband mellan <a href=\"https:\/\/forskning.se\/2024\/05\/23\/tatueringar-kan-oka-risken-for-lymfom\/\" rel=\"nofollow noopener\" target=\"_blank\">tatueringar och lymfom<\/a>. I en andra studie fann forskarna inget samband mellan tatueringar och skivepitelcancer i huden.<\/p>\n<p>I den nu publicerade studien identifierade forskarna 2 880 personer mellan 20 och 60 \u00e5r som diagnostiserats med melanom. Dessa personer matchades sedan, var och en, med tre individer fr\u00e5n befolkningsregistret, av samma k\u00f6n och \u00e5lder men utan melanom.<\/p>\n<p>Via enk\u00e4ter fick forskarna information om huruvida personerna var tatuerade eller inte. De tittade sedan p\u00e5 andra faktorer som solvanor, solarieanv\u00e4ndning och hudtyp och justerade resultaten efter dessa. P\u00e5 s\u00e5 s\u00e4tt kunde forskarna uppskatta risken f\u00f6r melanom hos tatuerade personer j\u00e4mf\u00f6rt med icke-tatuerade personer \u2013 och samtidigt s\u00e4kerst\u00e4lla att resultatet inte berodde p\u00e5 andra skillnader, som sol- och solarievanor.<\/p>\n<p>Risken tycks \u00f6ka<\/p>\n<p>\u2013 Efter att vi tagit h\u00e4nsyn till dessa faktorer s\u00e5g vi en 29 procent \u00f6kad relativ risk bland tatuerade personer, s\u00e4ger Emelie Rietz Liljedahl, bitr\u00e4dande forskare i toxikologi vid Lunds universitet.<\/p>\n<p>Risken f\u00f6r melanom \u00e4r allts\u00e5 29 procent h\u00f6gre, enligt studien, om man \u00e4r tatuerad j\u00e4mf\u00f6rt med om man inte \u00e4r det.<\/p>\n<p>Resultaten g\u00e4ller p\u00e5 gruppniv\u00e5 och inte p\u00e5 individniv\u00e5. De s\u00e4ger allts\u00e5 inget om en enskild persons cancerrisk.<\/p>\n<p>Forskarna betonar dock att fler studier beh\u00f6vs innan det g\u00e5r att fastst\u00e4lla ett <a class=\"glossaryLink\" aria-describedby=\"tt\" data-cmtooltip=\"&lt;div class=glossaryItemBody&gt; N\u00e4r en sak leder till en annan \u2013 som att r\u00f6kning \u00f6kar risken f\u00f6r lungcancer.&lt;br\/&gt;Ett orsakssamband inneb\u00e4r att n\u00e5got faktiskt  ...&lt;\/div&gt;&lt;div class=glossaryTooltipMoreLinkWrapper&gt;&lt;a class=glossaryTooltipMoreLink href=https:\/\/forskning.se\/ordlista\/orsakssamband\/ &gt;L\u00e4s mer&lt;\/a&gt;&lt;\/div&gt;\" href=\"https:\/\/forskning.se\/ordlista\/orsakssamband\/\" data-mobile-support=\"0\" data-gt-translate-attributes=\"[{\" attribute=\"\" tabindex=\"0\" role=\"link\" rel=\"nofollow noopener\" target=\"_blank\">orsakssamband<\/a>.<\/p>\n<p><strong>Hur ska tatuerade l\u00e4sare t\u00e4nka kring detta?<\/strong><\/p>\n<p>\u2013 Vi ser en risk\u00f6kning. Men det \u00e4r en relativ \u00f6kning av en risk som \u00e4r f\u00f6rh\u00e5llandevis l\u00e5g till att b\u00f6rja med, det f\u00e5r man t\u00e4nka p\u00e5, s\u00e4ger Christel Nielsen.<\/p>\n<p>\u2013 Det \u00e4r alltid bra att ta hand om sin hud och vara observant. \u00c4r man minsta tveksam kring n\u00e5got p\u00e5 huden, g\u00e5 och kolla upp det.<\/p>\n<p>I fall d\u00e4r samband kan misst\u00e4nkas mellan tatueringar och cancer \u00e4r det inte alltid som hudf\u00f6r\u00e4ndringen dyker upp p\u00e5 eller intill tatueringen, s\u00e5vitt forskarna har kunnat se.<\/p>\n<p>\u2013 D\u00e4rf\u00f6r \u00e4r det bra att man h\u00e5ller koll p\u00e5 hela kroppen, oavsett om man har tatueringar eller inte, s\u00e4ger Christel Nielsen.<\/p>\n<p>F\u00e4rger kan bli skadliga<\/p>\n<p>N\u00e5got i f\u00e4rgen b\u00f6r vara f\u00f6rklaringen till en eventuellt \u00f6kad cancerrisk, enligt forskarna. N\u00e4r tatueringsf\u00e4rg sprutas in i huden uppfattar kroppen den som ett fr\u00e4mmande \u00e4mne, vilket g\u00f6r att immunf\u00f6rsvaret aktiveras. F\u00e4rgpigmenten kapslas in av immuncellerna som dels h\u00e5ller dem p\u00e5 plats och dels, via lymfv\u00e4tskan, transporterar dem till lymfk\u00f6rtlarna.<\/p>\n<p>\u2013 Azopigment \u00e4r de vanligaste organiska f\u00e4rg\u00e4mnena i tatueringsf\u00e4rg. Det kan vara en potentiell risk eftersom man sedan tidigare vet att de kan brytas ner till skadliga kemikalier som kan orsaka cancer. Speciellt g\u00e4ller det vid exponering f\u00f6r UV-str\u00e5lning fr\u00e5n solen, solarier eller laserbehandlingar, s\u00e4ger Emelie Rietz Liljedahl.<\/p>\n<p>Fram till 2022 var marknaden f\u00f6r tatueringsf\u00e4rg relativt oreglerad, men d\u00e5 tr\u00e4dde ett till\u00e4gg till EU:s kemikalielagstiftning i kraft och inf\u00f6rde koncentrationsgr\u00e4nser f\u00f6r kemikalier i tatueringsf\u00e4rg. Trots det visar marknadskontroller att f\u00e4rgen fortfarande kan inneh\u00e5lla giftiga kemikalier \u00f6ver gr\u00e4nsv\u00e4rdena, s\u00e4ger Emelie Rietz Liljedahl.<\/p>\n<p>Autoimmunt sp\u00e5r<\/p>\n<p>\u2013 Parallellt med att myndigheterna forts\u00e4tter arbetet med att reglera marknaden beh\u00f6ver vi f\u00f6rst\u00e5 vilka mekanismer som g\u00f6r att tatueringar eventuellt kan \u00f6ka risken f\u00f6r cancer. Som epidemiologer \u00e4r v\u00e5r roll att hitta m\u00f6nster i befolkningen. Nu beh\u00f6vs uppf\u00f6ljande studier som unders\u00f6ker varf\u00f6r de h\u00e4r m\u00f6nstren uppst\u00e5r, s\u00e4ger Christel Nielsen.<\/p>\n<p>\u2013 V\u00e5ra resultat tyder p\u00e5 att det kan vara n\u00e5got som h\u00e4nder i immunf\u00f6rsvaret och d\u00e4rf\u00f6r g\u00e5r vi nu vidare och forts\u00e4tter utforska m\u00f6jliga samband mellan tatueringsexponering och autoimmuna sjukdomar, som psoriasis och sk\u00f6ldk\u00f6rtelsjukdom d\u00e4r ocks\u00e5 immunf\u00f6rsvaret \u00e4r inblandat.<\/p>\n<p>\t\t\t\t\t<img decoding=\"async\" src=\"https:\/\/www.europesays.com\/se\/wp-content\/uploads\/2025\/11\/melanom3-300x169.jpg\"   alt=\"Kvinna i vit rock unders\u00f6ker ryggen p\u00e5 en man med ett f\u00f6rstoringsglas.\"\/><br \/>\n\t\t\t\t\t\t\t\t\t\t\tBild: Depositphotos<\/p>\n<p>\t\t\t\tN\u00e5gra fakta om melanom<\/p>\n<ul>\n<li>Melanom och malignt melanom \u00e4r samma sak.<\/li>\n<li>Melanom \u00e4r en av de allvarligaste formerna av hudcancer och \u00e4ven en av de cancersjukdomar som \u00f6kar mest.<\/li>\n<li>Det \u00e4r vanligare med melanom om man har br\u00e4nt sig m\u00e5nga g\u00e5nger i solen. Men melanom kan uppst\u00e5 var som helst p\u00e5 huden.<\/li>\n<li>Det vanligaste symtomet p\u00e5 melanom \u00e4r en helt ny fl\u00e4ck eller knuta som har vuxit eller \u00e4ndrat utseende. Det kan ocks\u00e5 vara ett gammalt f\u00f6delsem\u00e4rke som b\u00f6rjar f\u00f6r\u00e4ndras i f\u00e4rg, form eller storlek.<\/li>\n<li>Risken att insjukna i melanom f\u00f6re 80 \u00e5rs \u00e5lder, i hela befolkningen, \u00e4r ungef\u00e4r 3,1 procent f\u00f6r kvinnor och 3,5 procent f\u00f6r m\u00e4n.<\/li>\n<li>\u00c5r 2024 var melanom den tredje vanligaste cancerformen hos m\u00e4n och den fj\u00e4rde vanligaste hos kvinnor i Sverige.<\/li>\n<li>\u00d6verlevanden \u00e4r god, s\u00e4rskilt vid tidig uppt\u00e4ckt. 94 av kvinnorna och 90 procent av m\u00e4nnen \u00f6verlever minst 10 \u00e5r efter att de f\u00e5tt diagnosen malignt melanom i huden.<\/li>\n<\/ul>\n<p> K\u00e4llor: <a href=\"https:\/\/www.1177.se\/sjukdomar--besvar\/cancer\/cancerformer\/malignt-melanom--hudcancer\/#section-25465\" rel=\"nofollow noopener\" target=\"_blank\">1177<\/a>, Kari Nielsen, Lunds universitet, samt\u00a0<a href=\"https:\/\/www.cancerfonden.se\/om-cancer\/statistik\/malignt-melanom-i-huden\" rel=\"nofollow noopener\" target=\"_blank\">Cancerfonden<\/a><\/p>\n<p>Vetenskaplig artikel:<\/p>\n<p><a href=\"http:\/\/www.doi.org\/10.1007\/s10654-025-01326-6\" rel=\"nofollow noopener\" target=\"_blank\">Does tattoo exposure increase the risk of cutaneous melanoma? A population-based case-control study<\/a>, European Journal of Epidemiology.<\/p>\n","protected":false},"excerpt":{"rendered":"En ny studie fr\u00e5n Lunds universitet tyder p\u00e5 att tatueringar kan vara en riskfaktor f\u00f6r melanom. I studien&hellip;\n","protected":false},"author":2,"featured_media":91314,"comment_status":"","ping_status":"","sticky":false,"template":"","format":"standard","meta":{"footnotes":""},"categories":[69],"tags":[113,112,505,34,31,33,32,30],"class_list":{"0":"post-91313","1":"post","2":"type-post","3":"status-publish","4":"format-standard","5":"has-post-thumbnail","7":"category-halsa","8":"tag-halsa","9":"tag-health","10":"tag-nyhet","11":"tag-se","12":"tag-svenska","13":"tag-sverige","14":"tag-sweden","15":"tag-swedish"},"share_on_mastodon":{"url":"https:\/\/pubeurope.com\/@se\/115622172950500032","error":""},"_links":{"self":[{"href":"https:\/\/www.europesays.com\/se\/wp-json\/wp\/v2\/posts\/91313","targetHints":{"allow":["GET"]}}],"collection":[{"href":"https:\/\/www.europesays.com\/se\/wp-json\/wp\/v2\/posts"}],"about":[{"href":"https:\/\/www.europesays.com\/se\/wp-json\/wp\/v2\/types\/post"}],"author":[{"embeddable":true,"href":"https:\/\/www.europesays.com\/se\/wp-json\/wp\/v2\/users\/2"}],"replies":[{"embeddable":true,"href":"https:\/\/www.europesays.com\/se\/wp-json\/wp\/v2\/comments?post=91313"}],"version-history":[{"count":0,"href":"https:\/\/www.europesays.com\/se\/wp-json\/wp\/v2\/posts\/91313\/revisions"}],"wp:featuredmedia":[{"embeddable":true,"href":"https:\/\/www.europesays.com\/se\/wp-json\/wp\/v2\/media\/91314"}],"wp:attachment":[{"href":"https:\/\/www.europesays.com\/se\/wp-json\/wp\/v2\/media?parent=91313"}],"wp:term":[{"taxonomy":"category","embeddable":true,"href":"https:\/\/www.europesays.com\/se\/wp-json\/wp\/v2\/categories?post=91313"},{"taxonomy":"post_tag","embeddable":true,"href":"https:\/\/www.europesays.com\/se\/wp-json\/wp\/v2\/tags?post=91313"}],"curies":[{"name":"wp","href":"https:\/\/api.w.org\/{rel}","templated":true}]}}