{"id":91317,"date":"2025-11-27T14:40:07","date_gmt":"2025-11-27T14:40:07","guid":{"rendered":"https:\/\/www.europesays.com\/se\/91317\/"},"modified":"2025-11-27T14:40:07","modified_gmt":"2025-11-27T14:40:07","slug":"cuktech-lanserar-ny-prisvard-120w-powerbank-med-inbyggd-kabel-och-display","status":"publish","type":"post","link":"https:\/\/www.europesays.com\/se\/91317\/","title":{"rendered":"Cuktech lanserar ny prisv\u00e4rd 120W powerbank med inbyggd kabel och display"},"content":{"rendered":"<p class=\"bodytext\">Cuktech har lanserat 25 Super Power Bank SE i Kina. F\u00f6retaget introducerade den tidigare i november 2025 som en prisv\u00e4rd b\u00e4rbar laddare med inbyggd display och kabel. Den finns nu tillg\u00e4nglig att k\u00f6pa, med ett initialt lanseringspris p\u00e5 179 CNY, cirka 25 USD.&#13;<\/p>\n<p class=\"bodytext\">F\u00f6r de som missade <a href=\"http:\/\/www.notebookcheck.net\/Cuktech-reveals-new-25K-120W-power-bank-with-integrated-cable.1157844.0.html\" target=\"_self\" class=\"internal-link\" rel=\"nofollow noopener\">v\u00e5r tidigare t\u00e4ckning<\/a>cuktech 25 Super Power Bank SE har en batterikapacitet p\u00e5 25 000 mAh. Denna stora kapacitet, enligt f\u00f6retaget, g\u00f6r det m\u00f6jligt f\u00f6r den b\u00e4rbara laddaren att f\u00e5 iPhone 17 fulladdad 4,5 g\u00e5nger, MacBook Air M3 1,2 g\u00e5nger och Xiaomi 17 2,3 g\u00e5nger.&#13;<\/p>\n<p class=\"bodytext\">Det finns st\u00f6d f\u00f6r upp till 120W snabbladdning, vilket enligt Cuktech g\u00f6r att powerbanken kan f\u00e5 Redmi K80 Pro fr\u00e5n 0% till 88% p\u00e5 30 minuter, medan det tar samma tid att f\u00e5 Xiaomi 17 Pro fr\u00e5n 0% till 75%. Den b\u00e4rbara laddaren \u00e4r ocks\u00e5 kompatibel med flera laddningsprotokoll, inklusive <a href=\"https:\/\/service.anker.com\/article-description\/What-s-the-main-difference-between-QC-PD-PPS-PIQ-chargers?ref=Home_Page\" target=\"_blank\" class=\"external-link-new-window\" rel=\"nofollow noopener\">PPS, PD och SCP<\/a>.&#13;<\/p>\n<p class=\"bodytext\">Dessutom kan Cuktech 25 Power Bank SE ladda tre enheter samtidigt. Den levereras med en inbyggd USB-C-kabel, en USB-C-port och en USB-A-port. F\u00f6retaget noterar att de tv\u00e5 f\u00f6rstn\u00e4mnda maxar ut p\u00e5 120W (240W Ugreen 6,6-fots USB-C-kabel kostar <a href=\"https:\/\/www.amazon.com\/UGREEN-Charging-Delivery-Braided-Compatible\/dp\/B09PB8DJ28?tag=nbcnewsnet-20\" target=\"_blank\" rel=\"sponsored nofollow noopener\" class=\"external-link-new-window\">$8,98 p\u00e5 Amazon<\/a>), medan Type-A kan erbjuda upp till 22,5W effekt.&#13;<\/p>\n<p class=\"bodytext\">Bland de andra h\u00f6jdpunkterna i powerbanken finns en inbyggd display som visar det interna batteriets procentandel, 100W sj\u00e4lvladdningsst\u00f6d och flera skyddsfunktioner. Det finns \u00e4nnu inga uppgifter fr\u00e5n Cuktech om en global lansering, men f\u00f6retaget \u00e4r k\u00e4nt f\u00f6r att erbjuda de flesta av sina produkter <a href=\"http:\/\/www.notebookcheck.net\/Cuktech-Magnetic-Power-Bank-CP12-now-available-globally-with-discount.1112406.0.html\" target=\"_self\" class=\"internal-link\" rel=\"nofollow noopener\">utanf\u00f6r den kinesiska marknaden<\/a>.<\/p>\n","protected":false},"excerpt":{"rendered":"Cuktech har lanserat 25 Super Power Bank SE i Kina. F\u00f6retaget introducerade den tidigare i november 2025 som&hellip;\n","protected":false},"author":2,"featured_media":91318,"comment_status":"","ping_status":"","sticky":false,"template":"","format":"standard","meta":{"footnotes":""},"categories":[66],"tags":[10451,7083,10447,10448,10453,10452,7084,7085,10449,10450,8804,80,78,79,34,31,33,32,30,81,84,83,82],"class_list":{"0":"post-91317","1":"post","2":"type-post","3":"status-publish","4":"format-standard","5":"has-post-thumbnail","7":"category-vetenskap-och-teknik","8":"tag-120w-snabbladdning","9":"tag-barbar-dator","10":"tag-cuktech","11":"tag-cuktech-25-se","12":"tag-inbyggd-display","13":"tag-inbyggd-kabel","14":"tag-laptop","15":"tag-notebook","16":"tag-power-bank-se","17":"tag-powerbank","18":"tag-prisvard","19":"tag-science","20":"tag-science-and-technology","21":"tag-scienceandtechnology","22":"tag-se","23":"tag-svenska","24":"tag-sverige","25":"tag-sweden","26":"tag-swedish","27":"tag-technology","28":"tag-teknik","29":"tag-vetenskap","30":"tag-vetenskapteknik"},"share_on_mastodon":{"url":"https:\/\/pubeurope.com\/@se\/115622184475445880","error":""},"_links":{"self":[{"href":"https:\/\/www.europesays.com\/se\/wp-json\/wp\/v2\/posts\/91317","targetHints":{"allow":["GET"]}}],"collection":[{"href":"https:\/\/www.europesays.com\/se\/wp-json\/wp\/v2\/posts"}],"about":[{"href":"https:\/\/www.europesays.com\/se\/wp-json\/wp\/v2\/types\/post"}],"author":[{"embeddable":true,"href":"https:\/\/www.europesays.com\/se\/wp-json\/wp\/v2\/users\/2"}],"replies":[{"embeddable":true,"href":"https:\/\/www.europesays.com\/se\/wp-json\/wp\/v2\/comments?post=91317"}],"version-history":[{"count":0,"href":"https:\/\/www.europesays.com\/se\/wp-json\/wp\/v2\/posts\/91317\/revisions"}],"wp:featuredmedia":[{"embeddable":true,"href":"https:\/\/www.europesays.com\/se\/wp-json\/wp\/v2\/media\/91318"}],"wp:attachment":[{"href":"https:\/\/www.europesays.com\/se\/wp-json\/wp\/v2\/media?parent=91317"}],"wp:term":[{"taxonomy":"category","embeddable":true,"href":"https:\/\/www.europesays.com\/se\/wp-json\/wp\/v2\/categories?post=91317"},{"taxonomy":"post_tag","embeddable":true,"href":"https:\/\/www.europesays.com\/se\/wp-json\/wp\/v2\/tags?post=91317"}],"curies":[{"name":"wp","href":"https:\/\/api.w.org\/{rel}","templated":true}]}}