{"id":91323,"date":"2025-11-27T14:45:12","date_gmt":"2025-11-27T14:45:12","guid":{"rendered":"https:\/\/www.europesays.com\/se\/91323\/"},"modified":"2025-11-27T14:45:12","modified_gmt":"2025-11-27T14:45:12","slug":"anslag-till-ki-fran-hjart-lungfonden-for-tuberkulosforskning","status":"publish","type":"post","link":"https:\/\/www.europesays.com\/se\/91323\/","title":{"rendered":"Anslag till KI fr\u00e5n Hj\u00e4rt-Lungfonden f\u00f6r tuberkulosforskning"},"content":{"rendered":"<p><a href=\"https:\/\/ki.se\/personer\/johanna-kuhlin\" data-entity-type=\"external\" rel=\"nofollow noopener\" target=\"_blank\">Johanna Kuhlin<\/a>, forskare vid<a href=\"https:\/\/ki.se\/meds\" data-entity-type=\"external\" rel=\"nofollow noopener\" target=\"_blank\"> institutionen f\u00f6r medicin, Solna<\/a>, fick 1,56 miljoner kronor i ett tv\u00e5\u00e5rigt postdoktoralt \u00e5terv\u00e4ndaranslag f\u00f6r projektet &#8221;Adherence, sequelae and toxicity in tuberculosis infection and disease&#8221;.<\/p>\n<p><a href=\"https:\/\/ki.se\/personer\/lina-davies-forsman\" data-entity-type=\"external\" rel=\"nofollow noopener\" target=\"_blank\">Lina Davies Forsman<\/a>, forskare vid <a href=\"https:\/\/ki.se\/meds\" data-entity-type=\"external\" rel=\"nofollow noopener\" target=\"_blank\">institutionen f\u00f6r medicin<\/a>, Solna, fick 1,215 miljoner kronor f\u00f6r tre \u00e5rs doktorandforskning f\u00f6r projektet &#8221;Risk factors of unsuccessful treatment outcome of tuberculosis (TB) in Sweden \u2013 national population-based cohort studies&#8221;.<\/p>\n<p><a href=\"https:\/\/ki.se\/personer\/judith-bruchfeld\" data-entity-type=\"external\" rel=\"nofollow noopener\" target=\"_blank\">Judith Bruchfeld<\/a>, forskare vid <a href=\"https:\/\/ki.se\/meds\" data-entity-type=\"external\" rel=\"nofollow noopener\" target=\"_blank\">institutionen f\u00f6r medicin<\/a>, Solna, fick ett tre\u00e5rigt projektanslag p\u00e5 4,2 miljoner kronor f\u00f6r projektet &#8221;Development and evaluation of new diagnostic tests for tuberculosis (TB) infection with risk of progression and effectiveness of TB treatment&#8221;.<\/p>\n<p><a href=\"https:\/\/ki.se\/personer\/susanna-brighenti\" data-entity-type=\"external\" rel=\"nofollow noopener\" target=\"_blank\">Susanna Brighenti<\/a>, forskare vid <a href=\"https:\/\/ki.se\/medh\" data-entity-type=\"external\" rel=\"nofollow noopener\" target=\"_blank\">institutionen f\u00f6r medicin<\/a>, Huddinge, fick ett tre\u00e5rigt projektanslag p\u00e5 4,2 miljoner kronor f\u00f6r projektet &#8221;Towards precision medicine in tuberculosis (TB): Unraveling immune endotypes for targeted host-directed therapies&#8221;.<\/p>\n<p><a href=\"https:\/\/ki.se\/en\/people\/christopher-sundling\" data-entity-type=\"external\" rel=\"nofollow noopener\" target=\"_blank\">Christopher Sundling<\/a>, forskare vid <a href=\"https:\/\/ki.se\/meds\" data-entity-type=\"external\" rel=\"nofollow noopener\" target=\"_blank\">institutionen f\u00f6r medicin<\/a>, Solna, fick ett tre\u00e5rigt projektanslag p\u00e5 6 miljoner kronor f\u00f6r projektet &#8221;Investigating the host-response in tuberculosis to identify disease mechanisms and diagnostic biomarkers in children and adults&#8221;.<\/p>\n<p>Tuberkulos \u00e4r en av v\u00e4rldens vanligaste infektionssjukdomar, och f\u00f6rhoppningen \u00e4r att forskningsn\u00e4tverket ska bidra till b\u00e4ttre diagnostiska metoder, vacciner och behandlingar.<\/p>\n","protected":false},"excerpt":{"rendered":"Johanna Kuhlin, forskare vid institutionen f\u00f6r medicin, Solna, fick 1,56 miljoner kronor i ett tv\u00e5\u00e5rigt postdoktoralt \u00e5terv\u00e4ndaranslag f\u00f6r&hellip;\n","protected":false},"author":2,"featured_media":91324,"comment_status":"","ping_status":"","sticky":false,"template":"","format":"standard","meta":{"footnotes":""},"categories":[69],"tags":[113,112,34,31,33,32,30],"class_list":{"0":"post-91323","1":"post","2":"type-post","3":"status-publish","4":"format-standard","5":"has-post-thumbnail","7":"category-halsa","8":"tag-halsa","9":"tag-health","10":"tag-se","11":"tag-svenska","12":"tag-sverige","13":"tag-sweden","14":"tag-swedish"},"share_on_mastodon":{"url":"https:\/\/pubeurope.com\/@se\/115622204113725847","error":""},"_links":{"self":[{"href":"https:\/\/www.europesays.com\/se\/wp-json\/wp\/v2\/posts\/91323","targetHints":{"allow":["GET"]}}],"collection":[{"href":"https:\/\/www.europesays.com\/se\/wp-json\/wp\/v2\/posts"}],"about":[{"href":"https:\/\/www.europesays.com\/se\/wp-json\/wp\/v2\/types\/post"}],"author":[{"embeddable":true,"href":"https:\/\/www.europesays.com\/se\/wp-json\/wp\/v2\/users\/2"}],"replies":[{"embeddable":true,"href":"https:\/\/www.europesays.com\/se\/wp-json\/wp\/v2\/comments?post=91323"}],"version-history":[{"count":0,"href":"https:\/\/www.europesays.com\/se\/wp-json\/wp\/v2\/posts\/91323\/revisions"}],"wp:featuredmedia":[{"embeddable":true,"href":"https:\/\/www.europesays.com\/se\/wp-json\/wp\/v2\/media\/91324"}],"wp:attachment":[{"href":"https:\/\/www.europesays.com\/se\/wp-json\/wp\/v2\/media?parent=91323"}],"wp:term":[{"taxonomy":"category","embeddable":true,"href":"https:\/\/www.europesays.com\/se\/wp-json\/wp\/v2\/categories?post=91323"},{"taxonomy":"post_tag","embeddable":true,"href":"https:\/\/www.europesays.com\/se\/wp-json\/wp\/v2\/tags?post=91323"}],"curies":[{"name":"wp","href":"https:\/\/api.w.org\/{rel}","templated":true}]}}