{"id":91339,"date":"2025-11-27T14:59:09","date_gmt":"2025-11-27T14:59:09","guid":{"rendered":"https:\/\/www.europesays.com\/se\/91339\/"},"modified":"2025-11-27T14:59:09","modified_gmt":"2025-11-27T14:59:09","slug":"regeringen-tillsatter-en-utredning-for-att-komma-till-ratta-med-bristerna-i-komvux-och-sfi","status":"publish","type":"post","link":"https:\/\/www.europesays.com\/se\/91339\/","title":{"rendered":"Regeringen tills\u00e4tter en utredning f\u00f6r att komma till r\u00e4tta med bristerna i komvux och sfi"},"content":{"rendered":"<p>&#13;<br \/>\nFlera granskningar har pekat p\u00e5 \u00e5terkommande brister i kommunal vuxenutbildning (komvux), inklusive sfi. D\u00e4rf\u00f6r tills\u00e4tter regeringen nu en ny utredning om tydligare ansvar och h\u00f6gre kvalitet i komvux. Kontrollen av enskilda utbildningsanordnare i komvux ska sk\u00e4rpas och kommunernas ansvar f\u00f6r utbildningen tydligg\u00f6ras. Syftet \u00e4r att fler elever ska f\u00e5 en utbildning av h\u00f6g kvalitet.<\/p>\n<p>Komvux \u00e4r en stor skolform med cirka 368 000 elever. Ungef\u00e4r h\u00e4lften av all komvux anordnas av privata utbildningsanordnare och huvudmannaskapet ligger hos kommunerna. Flertalet granskningar visar p\u00e5 omfattande och i vissa fall allvarliga brister i komvux och sfi. Regeringen tills\u00e4tter d\u00e4rf\u00f6r en utredning f\u00f6r att \u00f6ka kontrollen och sk\u00e4rpa kraven. Kommunernas ansvar beh\u00f6ver tydligg\u00f6ras och \u00e4gar- och ledningspr\u00f6vning av enskilda f\u00f6retag som ans\u00f6ker om betygsr\u00e4tt ska utredas.<\/p>\n<p>\u2013 Allvarliga brister har uppm\u00e4rksammats i komvux och sfi. Skolinspektionen har ocks\u00e5 beskrivit komvux som ett riskomr\u00e5de d\u00e4r oseri\u00f6sa akt\u00f6rer kan etablera sig. Nu tar vi krafttag mot bristerna och en viktig del \u00e4r att sk\u00e4rpa kraven genom att inf\u00f6ra \u00e4gar- och ledningspr\u00f6vning. Oseri\u00f6sa akt\u00f6rer ska inte f\u00e5 bedriva komvux, s\u00e4ger gymnasie-, h\u00f6gskole- och forskningsminister Lotta Edholm.<\/p>\n<p>Kommunal vuxenutbildning i svenska f\u00f6r invandrare (sfi) \u00e4r en s\u00e4rskilt viktig del av komvux. En v\u00e4l fungerande vuxenutbildning \u00e4r ofta avg\u00f6rande f\u00f6r att nyanl\u00e4nda snabbt ska kunna etablera sig p\u00e5 arbetsmarknaden, bli sj\u00e4lvf\u00f6rs\u00f6rjande och integreras i det svenska samh\u00e4llet. Utredaren ska d\u00e4rf\u00f6r f\u00f6resl\u00e5 hur fler elever i sfi kan erbjudas att kombinera sfi med annan utbildning. I uppdraget ing\u00e5r ocks\u00e5 att unders\u00f6ka om det finns behov av ytterligare \u00e5tg\u00e4rder f\u00f6r att s\u00e4kerst\u00e4lla att elever som deltar i en yrkesutbildning i komvux har de kunskaper i svenska spr\u00e5ket som efterfr\u00e5gas p\u00e5 arbetsmarknaden.<\/p>\n<p>Utredaren ska ocks\u00e5 analysera varf\u00f6r arbetsl\u00f6sa som har anvisats utbildning i komvux i s\u00e5 liten utstr\u00e4ckning p\u00e5b\u00f6rjar och genomf\u00f6r utbildningen samt f\u00f6resl\u00e5 \u00e5tg\u00e4rder f\u00f6r att fler arbetsl\u00f6sa ska genomg\u00e5 en regulj\u00e4r utbildning.<\/p>\n<p>\u2013 Det finns en risk att oseri\u00f6sa akt\u00f6rer drar nytta av den relativt \u00f6ppna regleringen av komvux. Kommunerna brister ocks\u00e5 i uppf\u00f6ljningen av utbildningen. Fler \u00e5tg\u00e4rder beh\u00f6vs f\u00f6r att kommunerna ska f\u00f6lja upp och ta ansvar f\u00f6r kvaliteten i upphandlad utbildning. Utredaren ska d\u00e4rf\u00f6r f\u00f6resl\u00e5 hur kommunernas ansvar f\u00f6r upphandlad komvux kan tydligg\u00f6ras, s\u00e4ger Patrick Reslow, skolpolitisk talesperson f\u00f6r Sverigedemokraterna.<\/p>\n<p>\u2013 Granskningar visar att sfi-undervisningen skiftar i kvalitet. D\u00e4rf\u00f6r har eleverna inte alltid de kunskaper i svenska som kr\u00e4vs p\u00e5 arbetsmarknaden. Genom att kombinera sfi med till exempel en yrkesutbildning kan v\u00e4gen till arbete f\u00f6rkortas, men i dag \u00e4r det f\u00f6r f\u00e5 elever som utnyttjar den m\u00f6jligheten, s\u00e4ger Kristina Ax\u00e9n Olin, gruppledare f\u00f6r Moderaterna i utbildningsutskottet.<\/p>\n<p>\u2013 M\u00e5nga platser i yrkesutbildningar i komvux st\u00e5r tomma samtidigt som f\u00f6retag har sv\u00e5rt att rekrytera personal med r\u00e4tt kompetens. Fler arbetsl\u00f6sa beh\u00f6ver genomg\u00e5 en yrkesutbildning i komvux, men d\u00e5 kr\u00e4vs en b\u00e4ttre samverkan, s\u00e4ger Mathias Bengtsson, utbildningspolitisk talesperson f\u00f6r Kristdemokraterna.<\/p>\n<p>Till s\u00e4rskild utredare utses Jan Rehnstam, chef p\u00e5 Skolverkets enhet f\u00f6r kommunal vuxenutbildning.<\/p>\n<p>Uppdraget bygger p\u00e5 en \u00f6verenskommelse mellan regeringen och Sverigedemokraterna, och ska redovisas senast den 15 juni 2027.<\/p>\n","protected":false},"excerpt":{"rendered":"&#13; Flera granskningar har pekat p\u00e5 \u00e5terkommande brister i kommunal vuxenutbildning (komvux), inklusive sfi. D\u00e4rf\u00f6r tills\u00e4tter regeringen nu&hellip;\n","protected":false},"author":2,"featured_media":67452,"comment_status":"","ping_status":"","sticky":false,"template":"","format":"standard","meta":{"footnotes":""},"categories":[12],"tags":[22,23,26,27,17,21,24,25,28,29,15,16,18,34,31,33,32,30,19,20],"class_list":{"0":"post-91339","1":"post","2":"type-post","3":"status-publish","4":"format-standard","5":"has-post-thumbnail","7":"category-sverige","8":"tag-breaking-news","9":"tag-breakingnews","10":"tag-featured-news","11":"tag-featurednews","12":"tag-headlines","13":"tag-huvudnyheter","14":"tag-latest-news","15":"tag-latestnews","16":"tag-main-news","17":"tag-mainnews","18":"tag-news","19":"tag-nyheter","20":"tag-rubriker","21":"tag-se","22":"tag-svenska","23":"tag-sverige","24":"tag-sweden","25":"tag-swedish","26":"tag-top-stories","27":"tag-topstories"},"share_on_mastodon":{"url":"https:\/\/pubeurope.com\/@se\/115622259219265426","error":""},"_links":{"self":[{"href":"https:\/\/www.europesays.com\/se\/wp-json\/wp\/v2\/posts\/91339","targetHints":{"allow":["GET"]}}],"collection":[{"href":"https:\/\/www.europesays.com\/se\/wp-json\/wp\/v2\/posts"}],"about":[{"href":"https:\/\/www.europesays.com\/se\/wp-json\/wp\/v2\/types\/post"}],"author":[{"embeddable":true,"href":"https:\/\/www.europesays.com\/se\/wp-json\/wp\/v2\/users\/2"}],"replies":[{"embeddable":true,"href":"https:\/\/www.europesays.com\/se\/wp-json\/wp\/v2\/comments?post=91339"}],"version-history":[{"count":0,"href":"https:\/\/www.europesays.com\/se\/wp-json\/wp\/v2\/posts\/91339\/revisions"}],"wp:featuredmedia":[{"embeddable":true,"href":"https:\/\/www.europesays.com\/se\/wp-json\/wp\/v2\/media\/67452"}],"wp:attachment":[{"href":"https:\/\/www.europesays.com\/se\/wp-json\/wp\/v2\/media?parent=91339"}],"wp:term":[{"taxonomy":"category","embeddable":true,"href":"https:\/\/www.europesays.com\/se\/wp-json\/wp\/v2\/categories?post=91339"},{"taxonomy":"post_tag","embeddable":true,"href":"https:\/\/www.europesays.com\/se\/wp-json\/wp\/v2\/tags?post=91339"}],"curies":[{"name":"wp","href":"https:\/\/api.w.org\/{rel}","templated":true}]}}