{"id":91342,"date":"2025-11-27T15:01:22","date_gmt":"2025-11-27T15:01:22","guid":{"rendered":"https:\/\/www.europesays.com\/se\/91342\/"},"modified":"2025-11-27T15:01:22","modified_gmt":"2025-11-27T15:01:22","slug":"kampen-mot-hiv-sinkas-33-miljoner-nya-fall-vantas-till-ar-2030","status":"publish","type":"post","link":"https:\/\/www.europesays.com\/se\/91342\/","title":{"rendered":"Kampen mot hiv sinkas \u2013\u00a03,3 miljoner nya fall v\u00e4ntas till \u00e5r 2030"},"content":{"rendered":"<p>De stora nedsk\u00e4rningarna i det internationella bist\u00e5ndet f\u00e5r f\u00f6r\u00f6dande konsekvenser f\u00f6r kampen mot hiv och aids. Det uppger FN-organet Unaids, rapporterar AFP. USA som tidigare st\u00e5tt f\u00f6r 75 procent av hiv-bist\u00e5ndet stoppade det helt tidigare i \u00e5r. <\/p>\n<p>\u2013 De globala insatserna mot hiv har drabbats av sitt st\u00f6rsta bakslag p\u00e5 flera decennier, s\u00e4ger Unaids chef Winnie Byanyima under en presskonferens i Gen\u00e8ve p\u00e5 tisdagen. <\/p>\n<p>Det hon kallar en kollaps inom hiv-prevention v\u00e4ntas resultera i 3,3 miljoner nya hiv-infektioner till \u00e5r 2030, enligt Unaids ber\u00e4kningar. <\/p>\n<p>FN-organets partnerorganisationer rapporterar redan d\u00f6dsfall i aids p\u00e5 grund av att kliniker st\u00e4ngs och pengar saknas till behandling, enligt Reuters. <\/p>\n<p>Omni \u00e4r politiskt obundna och oberoende. Vi str\u00e4var efter att ge fler perspektiv p\u00e5 nyheterna. Har du fr\u00e5gor eller synpunkter kring v\u00e5r rapportering? <a href=\"https:\/\/omni.se\/unaids-kampen-mot-hiv-sinkas-3-3-miljoner-nya-fall-vantas-till-ar-2030\/a\/mailto:redaktion@omni.se\" class=\"ArticleActions_contactLink__W2F1M\" rel=\"nofollow noopener\" target=\"_blank\">Kontakta redaktionen<\/a><\/p>\n","protected":false},"excerpt":{"rendered":"De stora nedsk\u00e4rningarna i det internationella bist\u00e5ndet f\u00e5r f\u00f6r\u00f6dande konsekvenser f\u00f6r kampen mot hiv och aids. Det uppger&hellip;\n","protected":false},"author":2,"featured_media":91343,"comment_status":"","ping_status":"","sticky":false,"template":"","format":"standard","meta":{"footnotes":""},"categories":[69],"tags":[113,112,268,34,31,33,32,30,74,10463],"class_list":{"0":"post-91342","1":"post","2":"type-post","3":"status-publish","4":"format-standard","5":"has-post-thumbnail","7":"category-halsa","8":"tag-halsa","9":"tag-health","10":"tag-nordamerika","11":"tag-se","12":"tag-svenska","13":"tag-sverige","14":"tag-sweden","15":"tag-swedish","16":"tag-usa","17":"tag-winnie-byanyima"},"share_on_mastodon":{"url":"https:\/\/pubeurope.com\/@se\/115622267118156231","error":""},"_links":{"self":[{"href":"https:\/\/www.europesays.com\/se\/wp-json\/wp\/v2\/posts\/91342","targetHints":{"allow":["GET"]}}],"collection":[{"href":"https:\/\/www.europesays.com\/se\/wp-json\/wp\/v2\/posts"}],"about":[{"href":"https:\/\/www.europesays.com\/se\/wp-json\/wp\/v2\/types\/post"}],"author":[{"embeddable":true,"href":"https:\/\/www.europesays.com\/se\/wp-json\/wp\/v2\/users\/2"}],"replies":[{"embeddable":true,"href":"https:\/\/www.europesays.com\/se\/wp-json\/wp\/v2\/comments?post=91342"}],"version-history":[{"count":0,"href":"https:\/\/www.europesays.com\/se\/wp-json\/wp\/v2\/posts\/91342\/revisions"}],"wp:featuredmedia":[{"embeddable":true,"href":"https:\/\/www.europesays.com\/se\/wp-json\/wp\/v2\/media\/91343"}],"wp:attachment":[{"href":"https:\/\/www.europesays.com\/se\/wp-json\/wp\/v2\/media?parent=91342"}],"wp:term":[{"taxonomy":"category","embeddable":true,"href":"https:\/\/www.europesays.com\/se\/wp-json\/wp\/v2\/categories?post=91342"},{"taxonomy":"post_tag","embeddable":true,"href":"https:\/\/www.europesays.com\/se\/wp-json\/wp\/v2\/tags?post=91342"}],"curies":[{"name":"wp","href":"https:\/\/api.w.org\/{rel}","templated":true}]}}