{"id":91351,"date":"2025-11-27T15:08:10","date_gmt":"2025-11-27T15:08:10","guid":{"rendered":"https:\/\/www.europesays.com\/se\/91351\/"},"modified":"2025-11-27T15:08:10","modified_gmt":"2025-11-27T15:08:10","slug":"grodman-hamtade-kokain-fran-fartygsskrov","status":"publish","type":"post","link":"https:\/\/www.europesays.com\/se\/91351\/","title":{"rendered":"Grodm\u00e4n h\u00e4mtade kokain fr\u00e5n fartygsskrov"},"content":{"rendered":"<p>\n    Tullverket har avsl\u00f6jat ett avancerat uppl\u00e4gg d\u00e4r dykare anv\u00e4nt undervattensskotrar f\u00f6r att h\u00e4mta 240 kilo kokain fr\u00e5n ett fartyg i Uddevalla. Efter tillslag i juni \u00e5talas nu tre m\u00e4n f\u00f6r synnerligen grov narkotikasmuggling.\n  <\/p>\n<p>Under torsdagen \u00e5talades tre m\u00e4n vid Uddevalla tingsr\u00e4tt misst\u00e4nkta f\u00f6r synnerligen grov narkotikasmuggling samt synnerligen grovt narkotikabrott i samband med en avancerad kokainh\u00e4rva. Tullverket har avsl\u00f6jat ett avancerat s\u00e4tt att smuggla sammanlagt cirka 240 kilo kokain till Sverige. Det skriver Tullverket i ett pressmeddelande. Dykare p\u00e5 undervattensskotrar misst\u00e4nks ha plockat upp narkotika som var f\u00e4st p\u00e5 ett fartyg i Uddevalla hamn.<\/p>\n<p>Hittade vattenskotrar i bil<\/p>\n<p>I b\u00f6rjan av juni stoppas en tyskregistrerad husbil med tv\u00e5 m\u00e4n vid \u00d6resundsbron. Tullinspekt\u00f6rerna fann det \u00e4r m\u00e4rkligt att det fanns tv\u00e5 undervattensskotrar i fordonet samtidigt som m\u00e4nnens f\u00f6rklaring till vistelsen i Sverige inte k\u00e4nns sanningsenlig.<\/p>\n<p>\u2013 Vi beslutar att inleda en spaningsinsats p\u00e5 de h\u00e4r tv\u00e5 albanska m\u00e4nnen. Det \u00e4r ett v\u00e4lk\u00e4nt tillv\u00e4gag\u00e5ngss\u00e4tt att smugglare anv\u00e4nder sig av just dykare f\u00f6r att plocka upp narkotika som placerats p\u00e5 fartygsskrov under vattenytan, s\u00e4ger Richard Johansson som \u00e4r gruppchef p\u00e5 Tullverkets kriminalavdelning V\u00e4st i pressmeddelandet.<\/p>\n<p><img loading=\"lazy\" decoding=\"async\" width=\"1273\" height=\"695\" src=\"https:\/\/www.europesays.com\/se\/wp-content\/uploads\/2025\/11\/b37ffa9c-89bb-440c-8558-9f6d8393a733.jpg\" alt=\"\" class=\"wp-image-143554\"   data-recalc-dims=\"1\"\/>En av de tv\u00e5 undervattensskotrar som misst\u00e4nks ha anv\u00e4nts. Foto: Tullverket<\/p>\n<p>Misst\u00e4nkta aktiviteter<\/p>\n<p>Med hj\u00e4lp av registrerade mobiluppkopplingar och GPS-data fr\u00e5n den hyrda husbilen kan tullkriminalen kartl\u00e4gga hur de tv\u00e5 i mitten av maj l\u00e4mnar hamnstaden Huelva i sydv\u00e4stra Spanien och bes\u00f6ker samma omr\u00e5den d\u00e4r lastfartyget Asturcon befinner sig. De \u00e4r i Brunsb\u00fcttel i Tyskland samtidigt. N\u00e5gra dagar senare \u00e4r de i lettiska Riga samtidigt som lastfartyget och slutligen i Uddevalla hamn d\u00e4r Asturcon l\u00e4gger till\u00a0den 12 juni. Mobiluppkopplingar visar att de varit i n\u00e4romr\u00e5det flera g\u00e5nger i samtliga st\u00e4der som Asturcon lagt till. P\u00e5 samtliga st\u00e4llen har det varit aktivitet under n\u00e4tterna.<\/p>\n<p>Tullkriminalen f\u00f6ljde m\u00e4nnen till Stockholm, d\u00e4r de l\u00e5nade en Mercedes och senare hyrde ett hus i Trollh\u00e4ttansomr\u00e5det. Utredningen visar att de k\u00f6pt dykutrustning och f\u00f6rn\u00f6denheter i G\u00f6teborg och Uddevalla.<\/p>\n<p>\u2013 Det blir alltmer uppenbart att m\u00e4nnen \u00e4gnar sig \u00e5t n\u00e5got brottsligt och att det \u00e4r en v\u00e4lorganiserad verksamhet, s\u00e4ger Richard Johansson.<\/p>\n<p>Den 19 juni s\u00e5g spanare hur m\u00e4nnen lastade undervattensskotrar och kartonger i Ljungskile. Vid ett ingripande hittades 170 kilo kokain i tv\u00e5 fordon. GPS- och mobildata kopplar m\u00e4nnen till flera hamnar d\u00e4r lastfartyget Asturcon lagt till, fr\u00e5n Spanien till Uddevalla.<\/p>\n<p>\u2013 Natten mellan 12 och 13 juni \u00e4r b\u00e5da m\u00e4nnen uppkopplade i omr\u00e5det kring Uddevalla hamn. Narkotikan har f\u00f6rmodligen h\u00e4mtats upp fr\u00e5n fartygets skrov, s\u00e4ger Johansson i pressmeddelandet.<\/p>\n<p>Att utredningen landade h\u00e4r i Sverige kan ha varit en slump s\u00e4ger Richard Johansson till G\u00f6teborgs-Posten. <\/p>\n<p>\u2013 M\u00e4nnen har r\u00f6rt sig genom hela Europa, de har f\u00f6ljt det h\u00e4r fartyget. Man kan t\u00e4nka sig att de skulle plocka ut narkotikan n\u00e4r de fick b\u00e4sta l\u00e4ge. D\u00e5 kanske det \u00e4r s\u00e5 att det blev Sverige f\u00f6r att det r\u00e5kade bli ett bra l\u00e4ge, s\u00e4ger han.<\/p>\n<p>\u00c5talas f\u00f6r synnerligen grov brottslighet<\/p>\n<p>De tv\u00e5 m\u00e4nnen \u00e5talas nu vid Uddevalla tingsr\u00e4tt misst\u00e4nkta f\u00f6r synnerligen grov narkotikasmuggling och synnerligen grovt narkotikabrott. Den rum\u00e4nske lastbilsf\u00f6raren \u00e5talas misst\u00e4nkt f\u00f6r synnerligen grovt narkotikabrott.<\/p>\n<p>Enligt st\u00e4mningsans\u00f6kan misst\u00e4nks de tre ha hanterat sammanlagt cirka 240 kilo kokain som ska ha h\u00e4mtats fr\u00e5n ett fartyg i Uddevalla hamn i mitten av juni 2025.<\/p>\n","protected":false},"excerpt":{"rendered":"Tullverket har avsl\u00f6jat ett avancerat uppl\u00e4gg d\u00e4r dykare anv\u00e4nt undervattensskotrar f\u00f6r att h\u00e4mta 240 kilo kokain fr\u00e5n ett&hellip;\n","protected":false},"author":2,"featured_media":91352,"comment_status":"","ping_status":"","sticky":false,"template":"","format":"standard","meta":{"footnotes":""},"categories":[5],"tags":[22,23,26,27,17,21,24,25,28,29,15,16,18,34,31,33,32,30,19,20,3658],"class_list":{"0":"post-91351","1":"post","2":"type-post","3":"status-publish","4":"format-standard","5":"has-post-thumbnail","7":"category-rubriker","8":"tag-breaking-news","9":"tag-breakingnews","10":"tag-featured-news","11":"tag-featurednews","12":"tag-headlines","13":"tag-huvudnyheter","14":"tag-latest-news","15":"tag-latestnews","16":"tag-main-news","17":"tag-mainnews","18":"tag-news","19":"tag-nyheter","20":"tag-rubriker","21":"tag-se","22":"tag-svenska","23":"tag-sverige","24":"tag-sweden","25":"tag-swedish","26":"tag-top-stories","27":"tag-topstories","28":"tag-tullverket"},"share_on_mastodon":{"url":"https:\/\/pubeurope.com\/@se\/115622294807249335","error":""},"_links":{"self":[{"href":"https:\/\/www.europesays.com\/se\/wp-json\/wp\/v2\/posts\/91351","targetHints":{"allow":["GET"]}}],"collection":[{"href":"https:\/\/www.europesays.com\/se\/wp-json\/wp\/v2\/posts"}],"about":[{"href":"https:\/\/www.europesays.com\/se\/wp-json\/wp\/v2\/types\/post"}],"author":[{"embeddable":true,"href":"https:\/\/www.europesays.com\/se\/wp-json\/wp\/v2\/users\/2"}],"replies":[{"embeddable":true,"href":"https:\/\/www.europesays.com\/se\/wp-json\/wp\/v2\/comments?post=91351"}],"version-history":[{"count":0,"href":"https:\/\/www.europesays.com\/se\/wp-json\/wp\/v2\/posts\/91351\/revisions"}],"wp:featuredmedia":[{"embeddable":true,"href":"https:\/\/www.europesays.com\/se\/wp-json\/wp\/v2\/media\/91352"}],"wp:attachment":[{"href":"https:\/\/www.europesays.com\/se\/wp-json\/wp\/v2\/media?parent=91351"}],"wp:term":[{"taxonomy":"category","embeddable":true,"href":"https:\/\/www.europesays.com\/se\/wp-json\/wp\/v2\/categories?post=91351"},{"taxonomy":"post_tag","embeddable":true,"href":"https:\/\/www.europesays.com\/se\/wp-json\/wp\/v2\/tags?post=91351"}],"curies":[{"name":"wp","href":"https:\/\/api.w.org\/{rel}","templated":true}]}}