{"id":91358,"date":"2025-11-27T15:16:08","date_gmt":"2025-11-27T15:16:08","guid":{"rendered":"https:\/\/www.europesays.com\/se\/91358\/"},"modified":"2025-11-27T15:16:08","modified_gmt":"2025-11-27T15:16:08","slug":"nord-stream-misstankt-har-utlamnats-till-tyskland","status":"publish","type":"post","link":"https:\/\/www.europesays.com\/se\/91358\/","title":{"rendered":"Nord Stream-misst\u00e4nkt har utl\u00e4mnats till Tyskland"},"content":{"rendered":"<p>En av de tv\u00e5 ukrainska m\u00e4n som misst\u00e4nks f\u00f6r Nord Stream-sabotagen 2022 har utl\u00e4mnats fr\u00e5n Italien till Tyskland, uppger \u00e5klagare f\u00f6r flera medier. <\/p>\n<p>Den 49-\u00e5rige mannen f\u00f6rdes till Tyskland med helikopter och ska enligt tyska Die Welt g\u00f6ra ett f\u00f6rsta framtr\u00e4dande i domstol under fredagen. Han f\u00f6rnekar all inblandning i spr\u00e4ngningarna. <\/p>\n<p>Omni \u00e4r politiskt obundna och oberoende. Vi str\u00e4var efter att ge fler perspektiv p\u00e5 nyheterna. Har du fr\u00e5gor eller synpunkter kring v\u00e5r rapportering? <a href=\"https:\/\/omni.se\/nord-stream-misstankt-har-utlamnats-till-tyskland\/a\/mailto:redaktion@omni.se\" class=\"ArticleActions_contactLink__W2F1M\" rel=\"nofollow noopener\" target=\"_blank\">Kontakta redaktionen<\/a><\/p>\n","protected":false},"excerpt":{"rendered":"En av de tv\u00e5 ukrainska m\u00e4n som misst\u00e4nks f\u00f6r Nord Stream-sabotagen 2022 har utl\u00e4mnats fr\u00e5n Italien till Tyskland,&hellip;\n","protected":false},"author":2,"featured_media":91359,"comment_status":"","ping_status":"","sticky":false,"template":"","format":"standard","meta":{"footnotes":""},"categories":[5],"tags":[22,23,267,26,27,17,21,692,24,25,28,29,15,1549,16,18,34,31,33,32,30,19,20,408],"class_list":{"0":"post-91358","1":"post","2":"type-post","3":"status-publish","4":"format-standard","5":"has-post-thumbnail","7":"category-rubriker","8":"tag-breaking-news","9":"tag-breakingnews","10":"tag-europa","11":"tag-featured-news","12":"tag-featurednews","13":"tag-headlines","14":"tag-huvudnyheter","15":"tag-italien","16":"tag-latest-news","17":"tag-latestnews","18":"tag-main-news","19":"tag-mainnews","20":"tag-news","21":"tag-nord-stream","22":"tag-nyheter","23":"tag-rubriker","24":"tag-se","25":"tag-svenska","26":"tag-sverige","27":"tag-sweden","28":"tag-swedish","29":"tag-top-stories","30":"tag-topstories","31":"tag-tyskland"},"share_on_mastodon":{"url":"https:\/\/pubeurope.com\/@se\/115622325916456506","error":""},"_links":{"self":[{"href":"https:\/\/www.europesays.com\/se\/wp-json\/wp\/v2\/posts\/91358","targetHints":{"allow":["GET"]}}],"collection":[{"href":"https:\/\/www.europesays.com\/se\/wp-json\/wp\/v2\/posts"}],"about":[{"href":"https:\/\/www.europesays.com\/se\/wp-json\/wp\/v2\/types\/post"}],"author":[{"embeddable":true,"href":"https:\/\/www.europesays.com\/se\/wp-json\/wp\/v2\/users\/2"}],"replies":[{"embeddable":true,"href":"https:\/\/www.europesays.com\/se\/wp-json\/wp\/v2\/comments?post=91358"}],"version-history":[{"count":0,"href":"https:\/\/www.europesays.com\/se\/wp-json\/wp\/v2\/posts\/91358\/revisions"}],"wp:featuredmedia":[{"embeddable":true,"href":"https:\/\/www.europesays.com\/se\/wp-json\/wp\/v2\/media\/91359"}],"wp:attachment":[{"href":"https:\/\/www.europesays.com\/se\/wp-json\/wp\/v2\/media?parent=91358"}],"wp:term":[{"taxonomy":"category","embeddable":true,"href":"https:\/\/www.europesays.com\/se\/wp-json\/wp\/v2\/categories?post=91358"},{"taxonomy":"post_tag","embeddable":true,"href":"https:\/\/www.europesays.com\/se\/wp-json\/wp\/v2\/tags?post=91358"}],"curies":[{"name":"wp","href":"https:\/\/api.w.org\/{rel}","templated":true}]}}