{"id":91361,"date":"2025-11-27T15:20:14","date_gmt":"2025-11-27T15:20:14","guid":{"rendered":"https:\/\/www.europesays.com\/se\/91361\/"},"modified":"2025-11-27T15:20:14","modified_gmt":"2025-11-27T15:20:14","slug":"honor-magic-8-ultra-overtraffar-flaggskepp-som-iphone-17-pro-max-galaxy-s25-ultra-och-pixel-10-pro-xl-med-monstruosa-laddningsmojligheter","status":"publish","type":"post","link":"https:\/\/www.europesays.com\/se\/91361\/","title":{"rendered":"Honor Magic 8 Ultra \u00f6vertr\u00e4ffar flaggskepp som iPhone 17 Pro Max, Galaxy S25 Ultra och Pixel 10 Pro XL med monstru\u00f6sa laddningsm\u00f6jligheter"},"content":{"rendered":"<p class=\"bodytext\">Mer information om Honor&#8217;s n\u00e4sta flaggskeppssmartphone har dykt upp online med tillst\u00e5nd av 3C-regleringsorganet och Digital Chat Station. F\u00f6r att sammanfatta, Honor tillk\u00e4nnagav bara <a href=\"http:\/\/www.notebookcheck.net\/Honor-Magic-8-launches-with-Snapdragon-8-Elite-Gen-5-large-battery-and-more.1139124.0.html\" target=\"_self\" class=\"internal-link\" rel=\"nofollow noopener\">Magic 8<\/a> och <a href=\"http:\/\/www.notebookcheck.net\/Snapdragon-8-Elite-Gen-5-powered-Honor-Magic-8-Pro-debuts-with-200-MP-Ultra-Night-camera.1138734.0.html\" target=\"_self\" class=\"internal-link\" rel=\"nofollow noopener\">Magic 8 Pro<\/a> f\u00f6rra m\u00e5naden med <a href=\"http:\/\/www.notebookcheck.net\/Qualcomm-Snapdragon-8-Elite-Gen-5-Processor-Benchmarks-and-Specs.1123169.0.html\" target=\"_self\" class=\"internal-link\" rel=\"nofollow noopener\">Snapdragon 8 Elite Gen 5<\/a> chipset. \u00c4nd\u00e5 har l\u00e4ckor och rykten om en s\u00e5 kallad Magic 8 Ultra cirkulerat <a href=\"http:\/\/www.notebookcheck.net\/Leaker-reveals-there-ll-be-an-Honor-Magic-8-Ultra.1074009.0.html\" target=\"_self\" class=\"internal-link\" rel=\"nofollow noopener\">sedan sommaren<\/a>.<\/p>\n<p class=\"bodytext\">F\u00f6r att n\u00e5 dessa h\u00f6jder har Honor certifierat Magic 8 Ultra f\u00f6r att ladda med upp till 20V\/6A, \u00e4ven om smarttelefonen ocks\u00e5 kan v\u00e4xla till 66 W-laddning vid olika watt och ampere vid behov. Digital Chat Station skriver p\u00e5 Weibo att Magic 8 Ultra kommer att st\u00f6dja satellitanslutning med en Snapdragon 8 Elite Gen 5-chipset och OmniVisions OV50R-sensor som prim\u00e4rkamera. F\u00f6r n\u00e4rvarande f\u00f6rv\u00e4ntas Magic 8 Ultra ocks\u00e5 komma med ett st\u00f6rre batteri \u00e4n 7.200 mAh-cellen i Magic 8 Pro, men kanske inte f\u00f6rr\u00e4n i b\u00f6rjan av 2026 n\u00e4r <a href=\"http:\/\/www.notebookcheck.net\/Xiaomi-17-Ultra-allegedly-pictured-before-release-with-Vivo-X200-Ultra-rivalling-cameras.1171210.0.html\" target=\"_self\" class=\"internal-link\" rel=\"nofollow noopener\">Xiaomi 17 Ultra anl\u00e4nder<\/a>.<\/p>\n","protected":false},"excerpt":{"rendered":"Mer information om Honor&#8217;s n\u00e4sta flaggskeppssmartphone har dykt upp online med tillst\u00e5nd av 3C-regleringsorganet och Digital Chat Station.&hellip;\n","protected":false},"author":2,"featured_media":91362,"comment_status":"","ping_status":"","sticky":false,"template":"","format":"standard","meta":{"footnotes":""},"categories":[66],"tags":[10479,10478,6565,7083,10480,8224,10476,7084,10477,7085,80,78,79,34,7147,31,33,32,30,81,84,83,82],"class_list":{"0":"post-91361","1":"post","2":"type-post","3":"status-publish","4":"format-standard","5":"has-post-thumbnail","7":"category-vetenskap-och-teknik","8":"tag-120-w","9":"tag-120w","10":"tag-android","11":"tag-barbar-dator","12":"tag-bkq-an20","13":"tag-honor","14":"tag-honor-magic","15":"tag-laptop","16":"tag-magic-8-ultra","17":"tag-notebook","18":"tag-science","19":"tag-science-and-technology","20":"tag-scienceandtechnology","21":"tag-se","22":"tag-smartphone","23":"tag-svenska","24":"tag-sverige","25":"tag-sweden","26":"tag-swedish","27":"tag-technology","28":"tag-teknik","29":"tag-vetenskap","30":"tag-vetenskapteknik"},"share_on_mastodon":{"url":"https:\/\/pubeurope.com\/@se\/115622341767171872","error":""},"_links":{"self":[{"href":"https:\/\/www.europesays.com\/se\/wp-json\/wp\/v2\/posts\/91361","targetHints":{"allow":["GET"]}}],"collection":[{"href":"https:\/\/www.europesays.com\/se\/wp-json\/wp\/v2\/posts"}],"about":[{"href":"https:\/\/www.europesays.com\/se\/wp-json\/wp\/v2\/types\/post"}],"author":[{"embeddable":true,"href":"https:\/\/www.europesays.com\/se\/wp-json\/wp\/v2\/users\/2"}],"replies":[{"embeddable":true,"href":"https:\/\/www.europesays.com\/se\/wp-json\/wp\/v2\/comments?post=91361"}],"version-history":[{"count":0,"href":"https:\/\/www.europesays.com\/se\/wp-json\/wp\/v2\/posts\/91361\/revisions"}],"wp:featuredmedia":[{"embeddable":true,"href":"https:\/\/www.europesays.com\/se\/wp-json\/wp\/v2\/media\/91362"}],"wp:attachment":[{"href":"https:\/\/www.europesays.com\/se\/wp-json\/wp\/v2\/media?parent=91361"}],"wp:term":[{"taxonomy":"category","embeddable":true,"href":"https:\/\/www.europesays.com\/se\/wp-json\/wp\/v2\/categories?post=91361"},{"taxonomy":"post_tag","embeddable":true,"href":"https:\/\/www.europesays.com\/se\/wp-json\/wp\/v2\/tags?post=91361"}],"curies":[{"name":"wp","href":"https:\/\/api.w.org\/{rel}","templated":true}]}}