{"id":91363,"date":"2025-11-27T15:23:17","date_gmt":"2025-11-27T15:23:17","guid":{"rendered":"https:\/\/www.europesays.com\/se\/91363\/"},"modified":"2025-11-27T15:23:17","modified_gmt":"2025-11-27T15:23:17","slug":"widar-andersson-revolution-valdets-paverkan-pa-sveriges-trygghet-och-lagar-nt","status":"publish","type":"post","link":"https:\/\/www.europesays.com\/se\/91363\/","title":{"rendered":"WIDAR ANDERSSON: Revolution: V\u00e5ldets p\u00e5verkan p\u00e5 Sveriges trygghet och lagar &#8211; NT"},"content":{"rendered":"<ol>\n<li><a href=\"https:\/\/news.google.com\/rss\/articles\/CBMirAFBVV95cUxOMGtjcnpBUU5YcVhyUm1xMmx5RmctTUFZYXZPS3VaelUxUHpiQ2lqNXVjZ1ZVemVSS05Gb0VZVWVuNWx3cTJDcXIxMjBGczRTOUNIbGRXeldib3Y2LWJYdUtIWl9sUDhobEk5bklrcmVsN2JVaGpaWlkxMmlQTzdOSmdFaUQ1VkhpcU02ZVNDNGZEQzhWcFAweWY1NlB3MlY5MFplZWRhOExVRnVJ?oc=5\" target=\"_blank\" rel=\"nofollow noopener\">WIDAR ANDERSSON: Revolution: V\u00e5ldets p\u00e5verkan p\u00e5 Sveriges trygghet och lagar<\/a>&nbsp;&nbsp;NT<\/li>\n<li><a href=\"https:\/\/news.google.com\/rss\/articles\/CBMigAFBVV95cUxOdjc4eFByQkk1MzdHTnpKdm1BZ0JaTUhBUGZmLWNkclYzT1F6aHJhOXlMZ0VwSmF3Qk1tYU5Xb2pnUFpFOWRjeXdjbWNXTzlWTFBmM0ppMml4aFB6NEd4NXpwUG0zem1GSEtYNHZ0cTd1aVQ0Skx3RVdza0JkVmV4cA?oc=5\" target=\"_blank\" rel=\"nofollow noopener\">Recension: \u201dIg\u00e5r kv\u00e4ll i Sverige\u201d av Paulina Neuding<\/a>&nbsp;&nbsp;SVT Nyheter<\/li>\n<li><a href=\"https:\/\/news.google.com\/rss\/articles\/CBMioAFBVV95cUxPZ0ZaQkVnYUJwS3l5WWJId3c1VlpmTXFtSkZrTEkyRDdkRXYzVlByeUFHbVpmajBIbFlPOTIzTVhJai1NeGR2MUxQbmkwWlR5aDZ4VTNWaVpaZEZfaDNJTGRtUnoyRE5XLTl5MUptdnpsZjVtWUFYZzVIVWZyU3FNUnZ1Tk9GaUFRZV9PTExfVUJXXzVVSzQtWmFKOGpNNzJR?oc=5\" target=\"_blank\" rel=\"nofollow noopener\">Paulina Neudings l\u00f6sning p\u00e5 integrationen kan sammanfattas i tre ord<\/a>&nbsp;&nbsp;Arbetet<\/li>\n<li><a href=\"https:\/\/news.google.com\/rss\/articles\/CBMigwFBVV95cUxPUWx4cXRsNktPN3Y0TXFTQVlhZXVERXRoM2xPQTlIU3loSExWVGljQVJvVDdaV0haRTFSSmpDenlMUHM0N2Z1dWRMa0U3MG9HWjlvMEtram5LcGs5OG15bU5zNkkwbVRwbGZNYUpOdnowNDhDckU0UW9Vc1dQQ2FNVEEtNA?oc=5\" target=\"_blank\" rel=\"nofollow noopener\">Brottsoffret i fokus \u2013 l\u00e4saren l\u00e4mnas ensam<\/a>&nbsp;&nbsp;SvD<\/li>\n<li><a href=\"https:\/\/news.google.com\/rss\/articles\/CBMirgFBVV95cUxQRll4M3NuMFRSUXFlN3lTOVhWOUkwVnNYOFRGQU4wbXpra1NqN2JuVVVYQWJjTU5fMlV3ck1DV0lsYXhLQ0RjZThJWC1FYkFwaUtYTi1PQjdGLVBXcjN6YzB4c0kxZ1IxMVlMV21HbzI0dFVpbDZaXzhyUEFuUk5WVXljUzFDUXQ2YWkxQUZGbVp3UkhHbkRmOG1XZzExTUtWcmFpQmNEVk5reF93eUE?oc=5\" target=\"_blank\" rel=\"nofollow noopener\">Hon ifr\u00e5gas\u00e4tter varje m\u00e4nniska som migrerar<\/a>&nbsp;&nbsp;Aftonbladet<\/li>\n<\/ol>\n","protected":false},"excerpt":{"rendered":"WIDAR ANDERSSON: Revolution: V\u00e5ldets p\u00e5verkan p\u00e5 Sveriges trygghet och lagar&nbsp;&nbsp;NT Recension: \u201dIg\u00e5r kv\u00e4ll i Sverige\u201d av Paulina Neuding&nbsp;&nbsp;SVT&hellip;\n","protected":false},"author":2,"featured_media":91364,"comment_status":"","ping_status":"","sticky":false,"template":"","format":"standard","meta":{"footnotes":""},"categories":[12],"tags":[22,23,26,27,17,21,24,25,28,29,15,16,18,34,31,33,32,30,19,20],"class_list":{"0":"post-91363","1":"post","2":"type-post","3":"status-publish","4":"format-standard","5":"has-post-thumbnail","7":"category-sverige","8":"tag-breaking-news","9":"tag-breakingnews","10":"tag-featured-news","11":"tag-featurednews","12":"tag-headlines","13":"tag-huvudnyheter","14":"tag-latest-news","15":"tag-latestnews","16":"tag-main-news","17":"tag-mainnews","18":"tag-news","19":"tag-nyheter","20":"tag-rubriker","21":"tag-se","22":"tag-svenska","23":"tag-sverige","24":"tag-sweden","25":"tag-swedish","26":"tag-top-stories","27":"tag-topstories"},"share_on_mastodon":{"url":"https:\/\/pubeurope.com\/@se\/115622353600668015","error":""},"_links":{"self":[{"href":"https:\/\/www.europesays.com\/se\/wp-json\/wp\/v2\/posts\/91363","targetHints":{"allow":["GET"]}}],"collection":[{"href":"https:\/\/www.europesays.com\/se\/wp-json\/wp\/v2\/posts"}],"about":[{"href":"https:\/\/www.europesays.com\/se\/wp-json\/wp\/v2\/types\/post"}],"author":[{"embeddable":true,"href":"https:\/\/www.europesays.com\/se\/wp-json\/wp\/v2\/users\/2"}],"replies":[{"embeddable":true,"href":"https:\/\/www.europesays.com\/se\/wp-json\/wp\/v2\/comments?post=91363"}],"version-history":[{"count":0,"href":"https:\/\/www.europesays.com\/se\/wp-json\/wp\/v2\/posts\/91363\/revisions"}],"wp:featuredmedia":[{"embeddable":true,"href":"https:\/\/www.europesays.com\/se\/wp-json\/wp\/v2\/media\/91364"}],"wp:attachment":[{"href":"https:\/\/www.europesays.com\/se\/wp-json\/wp\/v2\/media?parent=91363"}],"wp:term":[{"taxonomy":"category","embeddable":true,"href":"https:\/\/www.europesays.com\/se\/wp-json\/wp\/v2\/categories?post=91363"},{"taxonomy":"post_tag","embeddable":true,"href":"https:\/\/www.europesays.com\/se\/wp-json\/wp\/v2\/tags?post=91363"}],"curies":[{"name":"wp","href":"https:\/\/api.w.org\/{rel}","templated":true}]}}