{"id":91373,"date":"2025-11-27T15:30:23","date_gmt":"2025-11-27T15:30:23","guid":{"rendered":"https:\/\/www.europesays.com\/se\/91373\/"},"modified":"2025-11-27T15:30:23","modified_gmt":"2025-11-27T15:30:23","slug":"thailand-33-doda-i-oversvamningar","status":"publish","type":"post","link":"https:\/\/www.europesays.com\/se\/91373\/","title":{"rendered":"Thailand: 33 d\u00f6da i \u00f6versv\u00e4mningar"},"content":{"rendered":"<p>Minst 33 personer har omkommit i de omfattande \u00f6versv\u00e4mningar som drabbat s\u00f6dra Thailand. <\/p>\n<p>I provinsen Songkhla har n\u00f6dl\u00e4ge r\u00e5tt sedan tisdagen, i v\u00e4ntan p\u00e5 mer regn. Enligt myndigheterna har fler \u00e4n 1\u00a0200 evakuerats. Vattnet n\u00e5r upp till midjan i flera omr\u00e5den och m\u00e5nga kan inte ta sig till unds\u00e4ttning fr\u00e5n sina hem och hotell. <\/p>\n<p>Premi\u00e4rminister Anutin Charnvirakul lovar att fler b\u00e5tar och lastbilar ska s\u00e4ttas in i r\u00e4ddningsarbetet. \u00d6ver- sv\u00e4mningarna har drabbat tio provinser i landets s\u00f6dra delar senaste veckan.<\/p>\n","protected":false},"excerpt":{"rendered":"Minst 33 personer har omkommit i de omfattande \u00f6versv\u00e4mningar som drabbat s\u00f6dra Thailand. I provinsen Songkhla har n\u00f6dl\u00e4ge&hellip;\n","protected":false},"author":2,"featured_media":793,"comment_status":"","ping_status":"","sticky":false,"template":"","format":"standard","meta":{"footnotes":""},"categories":[14],"tags":[22,23,26,27,17,21,24,25,28,29,15,16,18,34,31,33,32,30,19,20,51,52,53,54],"class_list":{"0":"post-91373","1":"post","2":"type-post","3":"status-publish","4":"format-standard","5":"has-post-thumbnail","7":"category-varlden","8":"tag-breaking-news","9":"tag-breakingnews","10":"tag-featured-news","11":"tag-featurednews","12":"tag-headlines","13":"tag-huvudnyheter","14":"tag-latest-news","15":"tag-latestnews","16":"tag-main-news","17":"tag-mainnews","18":"tag-news","19":"tag-nyheter","20":"tag-rubriker","21":"tag-se","22":"tag-svenska","23":"tag-sverige","24":"tag-sweden","25":"tag-swedish","26":"tag-top-stories","27":"tag-topstories","28":"tag-varlden","29":"tag-world","30":"tag-world-news","31":"tag-worldnews"},"share_on_mastodon":{"url":"https:\/\/pubeurope.com\/@se\/115622381158504112","error":""},"_links":{"self":[{"href":"https:\/\/www.europesays.com\/se\/wp-json\/wp\/v2\/posts\/91373","targetHints":{"allow":["GET"]}}],"collection":[{"href":"https:\/\/www.europesays.com\/se\/wp-json\/wp\/v2\/posts"}],"about":[{"href":"https:\/\/www.europesays.com\/se\/wp-json\/wp\/v2\/types\/post"}],"author":[{"embeddable":true,"href":"https:\/\/www.europesays.com\/se\/wp-json\/wp\/v2\/users\/2"}],"replies":[{"embeddable":true,"href":"https:\/\/www.europesays.com\/se\/wp-json\/wp\/v2\/comments?post=91373"}],"version-history":[{"count":0,"href":"https:\/\/www.europesays.com\/se\/wp-json\/wp\/v2\/posts\/91373\/revisions"}],"wp:featuredmedia":[{"embeddable":true,"href":"https:\/\/www.europesays.com\/se\/wp-json\/wp\/v2\/media\/793"}],"wp:attachment":[{"href":"https:\/\/www.europesays.com\/se\/wp-json\/wp\/v2\/media?parent=91373"}],"wp:term":[{"taxonomy":"category","embeddable":true,"href":"https:\/\/www.europesays.com\/se\/wp-json\/wp\/v2\/categories?post=91373"},{"taxonomy":"post_tag","embeddable":true,"href":"https:\/\/www.europesays.com\/se\/wp-json\/wp\/v2\/tags?post=91373"}],"curies":[{"name":"wp","href":"https:\/\/api.w.org\/{rel}","templated":true}]}}