{"id":91376,"date":"2025-11-27T15:32:09","date_gmt":"2025-11-27T15:32:09","guid":{"rendered":"https:\/\/www.europesays.com\/se\/91376\/"},"modified":"2025-11-27T15:32:09","modified_gmt":"2025-11-27T15:32:09","slug":"jockes-och-jonnas-vittnesmal-i-chrippa-rattegangen","status":"publish","type":"post","link":"https:\/\/www.europesays.com\/se\/91376\/","title":{"rendered":"Jockes och Jonnas vittnesm\u00e5l i Chrippa-r\u00e4tteg\u00e5ngen"},"content":{"rendered":"<p>Publicerad 27 nov 2025 kl 14.38Uppdaterad kl 16.02<\/p>\n<p>Under torsdagen vittnade Jocke Lundell mot Christofer \u201dChrippa\u201d Lundstr\u00f6m.\u00a0<\/p>\n<p>I r\u00e4tten sa Lundell att han v\u00e4djat till sin bror flera g\u00e5nger om att han m\u00e5ste betala skatt.\u00a0<\/p>\n<p>\u2013 Det \u00e4r systematiskt, han har valt att inte g\u00f6ra det, menade Lundell.<\/p>\n<p>\u201dChrippa\u201d kallar i sin tur vittnesm\u00e5len f\u00f6r \u201dbetydelsel\u00f6sa\u201d.\u00a0<\/p>\n<p><img loading=\"lazy\"   alt=\"\"\/><\/p>\n<p>Joakim Lundell i bakgrunden, brodern \u201dChrippa\u201d i vit v\u00e4st.<\/p>\n<p>Foto: SVEN LINDWALL<\/p>\n<p>\u00d6ppna bild i helsk\u00e4rm<img loading=\"lazy\"   alt=\"\"\/><\/p>\n<p>Jonna Lundell.<\/p>\n<p>Foto: SVEN LINDWALL<\/p>\n<p>\u00d6ppna bild i helsk\u00e4rm<img loading=\"lazy\"   alt=\"\"\/><\/p>\n<p>M\u00e5nga var p\u00e5 plats f\u00f6r att f\u00f6lja r\u00e4tteg\u00e5ngen.<\/p>\n<p>Foto: SVEN LINDWALL<\/p>\n<p>\u00d6ppna bild i helsk\u00e4rm<img loading=\"lazy\"   alt=\"\"\/><\/p>\n<p>\u00c5talade \u201dChrippa\u201d.<\/p>\n<p>Foto: SVEN LINDWALL<\/p>\n<p>\u00d6ppna bild i helsk\u00e4rm<img loading=\"lazy\"   alt=\"\"\/><\/p>\n<p>Jonna Lundell.<\/p>\n<p>Foto: SVEN LINDWALL<\/p>\n<p>\u00d6ppna bild i helsk\u00e4rm<img loading=\"lazy\"   alt=\"\"\/><\/p>\n<p>H\u00e4r med frun Linnea.<\/p>\n<p>Foto: SVEN LINDWALL<\/p>\n<p>\u00d6ppna bild i helsk\u00e4rm<img loading=\"lazy\"   alt=\"\"\/> <\/p>\n<p>Foto: SVEN LINDWALL<\/p>\n<p>\u00d6ppna bild i helsk\u00e4rm<img loading=\"lazy\"   alt=\"\"\/> <\/p>\n<p>Foto: SVEN LINDWALL\/EXP \/ Expressen<\/p>\n<p>\u00d6ppna bild i helsk\u00e4rm<img loading=\"lazy\"   alt=\"\"\/><\/p>\n<p>Christofer Lundstr\u00f6m tillsammans med sin fru Linnea Lundstr\u00f6m.<\/p>\n<p>Foto: SVEN LINDWALL\/EXP \/ Expressen<\/p>\n<p>\u00d6ppna bild i helsk\u00e4rm<img loading=\"lazy\"   alt=\"\"\/><\/p>\n<p>Christofer inf\u00f6r r\u00e4tteg\u00e5ngen.<\/p>\n<p>Foto: SVEN LINDWALL<\/p>\n<p>\u00d6ppna bild i helsk\u00e4rm<\/p>\n<p>P\u00e5 torsdagen h\u00f6lls \u00e4nnu en f\u00f6rhandling i r\u00e4tten i det m\u00e5l d\u00e4r youtubern och influencern Christofer \u201dChrippa\u201d Lundstr\u00f6m, 36, st\u00e5r \u00e5talad f\u00f6r flera grova ekobrott.\u00a0<\/p>\n<p>Utanf\u00f6r r\u00e4ttssalen var det sp\u00e4nd st\u00e4mning mellan de konstellationer som st\u00f6ttade <a href=\"https:\/\/www.expressen.se\/tagg\/person\/joakim-lundell\/\" class=\"\" rel=\"nofollow noopener\" target=\"_blank\">Joakim Lundell<\/a>, 40, som vittnade under r\u00e4tteg\u00e5ngen, respektive Lundstr\u00f6m. Flera gl\u00e5pord sades d\u00e5.\u00a0<\/p>\n<p>ARTIKELN I KORTHET<\/p>\n<p>\u00a0Joakim Lundell vittnade i r\u00e4tten och ber\u00e4ttade att han upprepade g\u00e5nger f\u00f6rs\u00f6kt f\u00e5 sin bror \u201dChrippa\u201d att betala skatt, men utan resultat.<\/p>\n<p> Under r\u00e4tteg\u00e5ngen beskrev b\u00e5de Joakim och Jonna Lundell hur de erbjudit hj\u00e4lp, men att \u201dChrippa\u201d \u00e4nd\u00e5 inte sk\u00f6tt sin ekonomi.<\/p>\n<p> Efter f\u00f6rhandlingen avf\u00e4rdade \u201dChrippa\u201d vittnesm\u00e5len som oviktiga och menade att Jocke och Jonna h\u00e5ller p\u00e5 med pajkastning.\u00a0<\/p>\n<p>Visa mer<\/p>\n<p>Lundstr\u00f6m \u00e4r misst\u00e4nkt f\u00f6r bland annat flera fall av grovt bokf\u00f6ringsbrott och grovt skattebrott.<\/p>\n<p>\u2013 Det \u00e4r j\u00e4ttejobbigt, sa Joakim Lundell i b\u00f6rjan av sitt vittnesm\u00e5l.\u00a0<\/p>\n<p>Joakim Lundell ber\u00e4ttade under r\u00e4tteg\u00e5ngen att han flera g\u00e5nger uppmanat sin bror att betala skatt.\u00a0<\/p>\n<p>\u2013 Det finns otaliga konversationer mellan mig och honom. Hundra till tv\u00e5hundra g\u00e5nger har jag varit p\u00e5 honom. Jag har till och med haft management som jobbar med mig som varit p\u00e5 honom, kolleger och v\u00e4nner som varit p\u00e5 honom. S\u00e5 han \u00e4r v\u00e4l inf\u00f6rst\u00e5dd med att han beh\u00f6vt ha en bokf\u00f6ring och deklarera. Det \u00e4r systematiskt, han har valt att inte g\u00f6ra det.\u00a0<\/p>\n<p>\u201dHan har lovat mig g\u00e5ng p\u00e5 g\u00e5ng\u201d<\/p>\n<p>Lundell sa \u00e4ven att han erbjudit \u201dChrippa\u201d hj\u00e4lp med det ekonomiska.\u00a0<\/p>\n<p>\u2013 Han har lovat mig g\u00e5ng p\u00e5 g\u00e5ng p\u00e5 g\u00e5ng att g\u00f6ra r\u00e4tt f\u00f6r sig.\u00a0<\/p>\n<p>Under vittnesm\u00e5let satt \u201dChrippa\u201d bak\u00e5tlutad. Vid ett tillf\u00e4lle skakade han p\u00e5 huvudet n\u00e4r Joakim Lundell pratade.\u00a0<\/p>\n<p>\u00c4ven Jonna Lundell, 31, sa att hon pratat med Christofer Lundstr\u00f6m om att han m\u00e5ste skatta och att hon fr\u00e5gat honom om han ville ha hj\u00e4lp.\u00a0<\/p>\n<p>\u2013\u00a0Det \u00e4r v\u00e4ldigt m\u00e5nga steg som han d\u00e5, liksom, inte har gjort, sa hon under vittnesm\u00e5let.<\/p>\n<p>P\u00e5 fr\u00e5gan om hur det k\u00e4nde att vara d\u00e4r svarade hon:\u00a0<\/p>\n<p>\u2013 Jobbigt, tr\u00e5kigt.\u00a0<\/p>\n<p>\u201dChrippas\u201d ord efter Jockes vittnesm\u00e5l<\/p>\n<p>Efter r\u00e4tteg\u00e5ngen kommenterade Christofer Lundstr\u00f6m vittnesm\u00e5len.\u00a0<\/p>\n<p>\u2013 Det enda jag kan s\u00e4ga \u00e4r att det h\u00e4r \u00e4r betydelsel\u00f6st. Jag tycker att det bara \u00e4r en massa skitsnack. Vittnena som kom in i dag, det blir en forts\u00e4ttning p\u00e5 \u201dChrippa\u201d-dramat. Man ser klart och tydligt att det \u00e4r pajkastning, man vill f\u00f6rminska mig framf\u00f6r alla.\u00a0<\/p>\n<p>\u2013\u00a0Det h\u00e4r \u00e4r riktigt betydelsel\u00f6st, man hade inte beh\u00f6vt kalla de h\u00e4r vittnena.\u00a0<\/p>\n<p>Brott som Christofer Lundstr\u00f6m \u00e5talas f\u00f6r:<\/p>\n<p>\u2022 Fyra fall av grovt bokf\u00f6ringsbrott<\/p>\n<p>\u2022 Bokf\u00f6ringsbrott<\/p>\n<p>\u2022 F\u00f6rsv\u00e5rande av skattekontroll\u00a0<\/p>\n<p>\u2022 Grovt skattebrott vid fyra tillf\u00e4llen<\/p>\n<p>\u2022 Tv\u00e5 fall av fr\u00e4mjande av olovligt spel \u2013 grovt brott<\/p>\n<p>\u2022 Grovt n\u00e4ringspenningstv\u00e4ttsbrott<\/p>\n<p>\u2022 Grovt folkbokf\u00f6ringsbrott\u00a0<\/p>\n<p>Christofer Lundstr\u00f6m erk\u00e4nner skattebrott av normalgraden vid ett fall, genom att inte ha l\u00e4mnat in sin deklaration, men nekar till resten av \u00e5talspunkterna.<\/p>\n<p>Visa mer<img alt=\"\"\/>Ljudklippet gick inte att spela upp<\/p>\n<p>F\u00f6rs\u00f6k igen senare<\/p>\n","protected":false},"excerpt":{"rendered":"Publicerad 27 nov 2025 kl 14.38Uppdaterad kl 16.02 Under torsdagen vittnade Jocke Lundell mot Christofer \u201dChrippa\u201d Lundstr\u00f6m.\u00a0 I&hellip;\n","protected":false},"author":2,"featured_media":91377,"comment_status":"","ping_status":"","sticky":false,"template":"","format":"standard","meta":{"footnotes":""},"categories":[5],"tags":[22,23,26,27,17,21,24,25,28,29,15,16,2470,2471,18,34,31,33,32,30,19,20],"class_list":{"0":"post-91376","1":"post","2":"type-post","3":"status-publish","4":"format-standard","5":"has-post-thumbnail","7":"category-rubriker","8":"tag-breaking-news","9":"tag-breakingnews","10":"tag-featured-news","11":"tag-featurednews","12":"tag-headlines","13":"tag-huvudnyheter","14":"tag-latest-news","15":"tag-latestnews","16":"tag-main-news","17":"tag-mainnews","18":"tag-news","19":"tag-nyheter","20":"tag-person-joakim-lundell","21":"tag-person-jonna-lundell","22":"tag-rubriker","23":"tag-se","24":"tag-svenska","25":"tag-sverige","26":"tag-sweden","27":"tag-swedish","28":"tag-top-stories","29":"tag-topstories"},"share_on_mastodon":{"url":"https:\/\/pubeurope.com\/@se\/115622388944173277","error":""},"_links":{"self":[{"href":"https:\/\/www.europesays.com\/se\/wp-json\/wp\/v2\/posts\/91376","targetHints":{"allow":["GET"]}}],"collection":[{"href":"https:\/\/www.europesays.com\/se\/wp-json\/wp\/v2\/posts"}],"about":[{"href":"https:\/\/www.europesays.com\/se\/wp-json\/wp\/v2\/types\/post"}],"author":[{"embeddable":true,"href":"https:\/\/www.europesays.com\/se\/wp-json\/wp\/v2\/users\/2"}],"replies":[{"embeddable":true,"href":"https:\/\/www.europesays.com\/se\/wp-json\/wp\/v2\/comments?post=91376"}],"version-history":[{"count":0,"href":"https:\/\/www.europesays.com\/se\/wp-json\/wp\/v2\/posts\/91376\/revisions"}],"wp:featuredmedia":[{"embeddable":true,"href":"https:\/\/www.europesays.com\/se\/wp-json\/wp\/v2\/media\/91377"}],"wp:attachment":[{"href":"https:\/\/www.europesays.com\/se\/wp-json\/wp\/v2\/media?parent=91376"}],"wp:term":[{"taxonomy":"category","embeddable":true,"href":"https:\/\/www.europesays.com\/se\/wp-json\/wp\/v2\/categories?post=91376"},{"taxonomy":"post_tag","embeddable":true,"href":"https:\/\/www.europesays.com\/se\/wp-json\/wp\/v2\/tags?post=91376"}],"curies":[{"name":"wp","href":"https:\/\/api.w.org\/{rel}","templated":true}]}}