{"id":91388,"date":"2025-11-27T15:44:19","date_gmt":"2025-11-27T15:44:19","guid":{"rendered":"https:\/\/www.europesays.com\/se\/91388\/"},"modified":"2025-11-27T15:44:19","modified_gmt":"2025-11-27T15:44:19","slug":"nya-lg-2026-c6-och-g6-oled-smarta-tv-apparater-visas","status":"publish","type":"post","link":"https:\/\/www.europesays.com\/se\/91388\/","title":{"rendered":"Nya LG 2026 C6 och G6 OLED smarta TV-apparater visas"},"content":{"rendered":"<p>\t\t<a href=\"https:\/\/www.notebookcheck.se\/fileadmin\/Notebooks\/News\/_nc5\/LG-C6-and-G6-NRRA-G5-TVs.png\" data-caption=\"LG OLED C6- och G6-TV-apparaterna fr\u00e5n 2026 f\u00f6rv\u00e4ntas eftertr\u00e4da C5- och G5-modellerna fr\u00e5n 2025 (bilden). (Bildk\u00e4lla: LG).\" rel=\"nofollow noopener\" target=\"_blank\"><img decoding=\"async\" src=\"https:\/\/www.europesays.com\/se\/wp-content\/uploads\/2025\/11\/csm_LG-C6-and-G6-NRRA-G5-TVs_cb10d62404.png\" loading=\"lazy\" fetchpriority=\"high\" width=\"240\" height=\"180\" alt=\"LG OLED C6- och G6-TV-apparaterna fr\u00e5n 2026 f\u00f6rv\u00e4ntas eftertr\u00e4da C5- och G5-modellerna fr\u00e5n 2025 (bilden). (Bildk\u00e4lla: LG).\"\/><\/a>LG OLED C6- och G6-TV-apparaterna fr\u00e5n 2026 f\u00f6rv\u00e4ntas eftertr\u00e4da C5- och G5-modellerna fr\u00e5n 2025 (bilden). (Bildk\u00e4lla: LG).<\/p>\n<p>Tv\u00e5 kommande 2026 LG OLED TV-modeller, C6 och G6, har setts p\u00e5 bild. Dessa TV-apparater \u00e4r nu certifierade i Sydkorea och f\u00f6rv\u00e4ntas presenteras officiellt inom de n\u00e4rmaste m\u00e5naderna. Ans\u00f6kningarna avsl\u00f6jar inte n\u00e5gra av funktionerna hos dessa tv\u00e5 enheter, som f\u00f6rv\u00e4ntas dela likheter som var fallet med 2025 C5 och G5.<\/p>\n<p class=\"bodytext\">LG OLED C6- och G6-TV-apparaterna f\u00f6r 2026 har setts p\u00e5 bild. Dessa modeller f\u00f6rv\u00e4ntas vara eftertr\u00e4dare till <a href=\"http:\/\/www.notebookcheck.net\/LG-s-2025-OLED-evo-TVs-announced-with-Alpha-AI-processors-upgraded-gaming-features-and-screen-sizes-up-to-97-inches.978308.0.html\" target=\"_self\" class=\"internal-link\" rel=\"nofollow noopener\">2025 LG OLED evo AI C5<\/a> och <a href=\"http:\/\/www.notebookcheck.net\/LG-s-2025-OLED-evo-TVs-announced-with-Alpha-AI-processors-upgraded-gaming-features-and-screen-sizes-up-to-97-inches.978308.0.html\" target=\"_self\" class=\"internal-link\" rel=\"nofollow noopener\">LG OLED evo AI G5 TV-apparater<\/a>respektive, med varje serie som g\u00e5r fr\u00e5n nummer 5 till 6.<br \/>&#13;<\/p>\n<p class=\"bodytext\">Nyligen, <a href=\"https:\/\/www.displayspecifications.com\/en\/news\/5cdbed6\" target=\"_blank\" class=\"external-link-new-window\" rel=\"nofollow noopener\">DisplaySpecifications<\/a> lG C6- och G6-TV-apparaterna i databasen f\u00f6r <a href=\"https:\/\/ccac.rra.go.kr\/en\/view\/sub201020.jsp\" target=\"_blank\" class=\"external-link-new-window\" rel=\"nofollow noopener\">National Radio Research Agency (NRRA)<\/a> i Sydkorea. H\u00e4r \u00e4r 55-tumsstorleken p\u00e5 var och en listad som certifierad f\u00f6r f\u00f6rs\u00e4ljning p\u00e5 denna marknad. Dessa modeller f\u00f6rv\u00e4ntas erbjudas i en rad olika storlekar. Som j\u00e4mf\u00f6relse kan n\u00e4mnas att 2025 C5 finns tillg\u00e4nglig i 42, 48, 55, 65, 77 och 83 tum, medan G5 kan k\u00f6pas som en 55, 65, 77, 83 eller 97-tums TV.<br \/>&#13;<\/p>\n<p class=\"bodytext\">NRRA-ans\u00f6kningarna avsl\u00f6jar inte n\u00e5gra detaljer om dessa kommande LG-TV-apparater. Som en p\u00e5minnelse \u00e4r 2025 C5 en 4K Smart TV, med en inbyggd 120Hz uppdateringsfrekvens och st\u00f6d f\u00f6r upp till 144Hz spel. Den \u00e4r kompatibel med Dolby Vision och HDR10, och har en Brightness Booster. 2025 G5<a href=\"https:\/\/www.amazon.com\/LG-Upscaling-Filmmaker-Orchestra-OLED65G5WUA\/dp\/B0DYQR8R98\/?tag=nbcnewsnet-20\" target=\"_blank\" rel=\"sponsored nofollow noopener\" class=\"external-link-new-window\">(65-tums curr. 1 996,99 USD p\u00e5 Amazon<\/a>) \u00e4r en annan 4K smart TV med en inbyggd 120 Hz uppdateringsfrekvens och st\u00f6d f\u00f6r 165 Hz VRR. Denna modell \u00e4r ocks\u00e5 ljusare, med Brightness Booster Ultimate. B\u00e5da TV-apparaterna k\u00f6r webOS 25 och fungerar med Apple Home, Amazon Alexa och Google Assistant.<br \/>&#13;<\/p>\n<p class=\"bodytext\">LG f\u00f6rv\u00e4ntas officiellt presentera 2026 OLED C6 och G6 smart-TV:s p\u00e5 CES 2026, som \u00e4ger rum i januari. <\/p>\n<p>\t<a href=\"https:\/\/www.europesays.com\/se\/wp-content\/uploads\/2025\/11\/LG-C6-NRRA.png\" title=\"En sk\u00e4rmdump fr\u00e5n NRRA-databasen av en annons f\u00f6r LG OLED C6 TV 2026. (Bildk\u00e4lla: NRRA)\" class=\"lightbox\" data-fancybox=\"15051854\" data-title-id=\"lightbox_title_15051854_1\" data-caption=\"En sk\u00e4rmdump fr\u00e5n NRRA-databasen av en annons f\u00f6r LG OLED C6 TV 2026. (Bildk\u00e4lla: NRRA)\"><img decoding=\"async\" src=\"https:\/\/www.europesays.com\/se\/wp-content\/uploads\/2025\/11\/LG-C6-NRRA.png\" loading=\"lazy\" width=\"738\" height=\"738\" alt=\"En sk\u00e4rmdump fr\u00e5n NRRA-databasen av en annons f\u00f6r LG OLED C6 TV 2026. (Bildk\u00e4lla: NRRA)\"\/><\/a>En sk\u00e4rmdump fr\u00e5n NRRA-databasen av en annons f\u00f6r LG OLED C6 TV 2026. (Bildk\u00e4lla: NRRA)<a href=\"https:\/\/www.notebookcheck.se\/fileadmin\/Notebooks\/News\/_nc5\/LG-G6-NRRA.png\" title=\"En sk\u00e4rmdump fr\u00e5n NRRA-databasen av en annons f\u00f6r LG OLED G6 TV 2026. (Bildk\u00e4lla: NRRA)\" class=\"lightbox\" data-fancybox=\"15051854\" data-title-id=\"lightbox_title_15051854_2\" data-caption=\"En sk\u00e4rmdump fr\u00e5n NRRA-databasen av en annons f\u00f6r LG OLED G6 TV 2026. (Bildk\u00e4lla: NRRA)\" style=\"height:100px;\" rel=\"nofollow noopener\" target=\"_blank\"><img decoding=\"async\" src=\"https:\/\/www.europesays.com\/se\/wp-content\/uploads\/2025\/11\/csm_LG-G6-NRRA_7e83bcdce8.png\" loading=\"lazy\" width=\"100\" height=\"100\" alt=\"En sk\u00e4rmdump fr\u00e5n NRRA-databasen av en annons f\u00f6r LG OLED G6 TV 2026. (Bildk\u00e4lla: NRRA)\"\/><\/a><a href=\"\"><img decoding=\"async\" src=\"https:\/\/www.europesays.com\/se\/wp-content\/uploads\/2025\/11\/csm_polly_nbc_97c838175b.jpg\" loading=\"lazy\" width=\"120\" height=\"120\" alt=\"Polly Allcock\"\/><\/a><a href=\"\"><img decoding=\"async\" src=\"https:\/\/www.europesays.com\/se\/wp-content\/uploads\/2025\/11\/1763336113_814_csm_ninh_duy_ee54bf9777.jpg\" loading=\"lazy\" width=\"120\" height=\"120\" alt=\"Ninh Duy\"\/><\/a>Translator: <a href=\"\" class=\"j_name\">Ninh Ngoc Duy<\/a> &#8211; Editorial Assistant  &#8211; 663404 articles published on Notebookcheck since 2008<\/p>\n","protected":false},"excerpt":{"rendered":"LG OLED C6- och G6-TV-apparaterna fr\u00e5n 2026 f\u00f6rv\u00e4ntas eftertr\u00e4da C5- och G5-modellerna fr\u00e5n 2025 (bilden). (Bildk\u00e4lla: LG). Tv\u00e5&hellip;\n","protected":false},"author":2,"featured_media":91389,"comment_status":"","ping_status":"","sticky":false,"template":"","format":"standard","meta":{"footnotes":""},"categories":[66],"tags":[7083,10487,10490,10486,10492,7084,10488,10485,10491,10484,10493,10482,10483,10489,7085,80,78,79,34,31,33,32,30,81,84,83,82],"class_list":{"0":"post-91388","1":"post","2":"type-post","3":"status-publish","4":"format-standard","5":"has-post-thumbnail","7":"category-vetenskap-och-teknik","8":"tag-barbar-dator","9":"tag-c6","10":"tag-c6-tv","11":"tag-g6","12":"tag-g6-tv","13":"tag-laptop","14":"tag-lg","15":"tag-lg-c6","16":"tag-lg-c6-tv","17":"tag-lg-g6","18":"tag-lg-g6-tv","19":"tag-lg-oled-c6","20":"tag-lg-oled-g6","21":"tag-lg-tv","22":"tag-notebook","23":"tag-science","24":"tag-science-and-technology","25":"tag-scienceandtechnology","26":"tag-se","27":"tag-svenska","28":"tag-sverige","29":"tag-sweden","30":"tag-swedish","31":"tag-technology","32":"tag-teknik","33":"tag-vetenskap","34":"tag-vetenskapteknik"},"share_on_mastodon":{"url":"https:\/\/pubeurope.com\/@se\/115622436295770781","error":""},"_links":{"self":[{"href":"https:\/\/www.europesays.com\/se\/wp-json\/wp\/v2\/posts\/91388","targetHints":{"allow":["GET"]}}],"collection":[{"href":"https:\/\/www.europesays.com\/se\/wp-json\/wp\/v2\/posts"}],"about":[{"href":"https:\/\/www.europesays.com\/se\/wp-json\/wp\/v2\/types\/post"}],"author":[{"embeddable":true,"href":"https:\/\/www.europesays.com\/se\/wp-json\/wp\/v2\/users\/2"}],"replies":[{"embeddable":true,"href":"https:\/\/www.europesays.com\/se\/wp-json\/wp\/v2\/comments?post=91388"}],"version-history":[{"count":0,"href":"https:\/\/www.europesays.com\/se\/wp-json\/wp\/v2\/posts\/91388\/revisions"}],"wp:featuredmedia":[{"embeddable":true,"href":"https:\/\/www.europesays.com\/se\/wp-json\/wp\/v2\/media\/91389"}],"wp:attachment":[{"href":"https:\/\/www.europesays.com\/se\/wp-json\/wp\/v2\/media?parent=91388"}],"wp:term":[{"taxonomy":"category","embeddable":true,"href":"https:\/\/www.europesays.com\/se\/wp-json\/wp\/v2\/categories?post=91388"},{"taxonomy":"post_tag","embeddable":true,"href":"https:\/\/www.europesays.com\/se\/wp-json\/wp\/v2\/tags?post=91388"}],"curies":[{"name":"wp","href":"https:\/\/api.w.org\/{rel}","templated":true}]}}