{"id":91410,"date":"2025-11-27T16:14:33","date_gmt":"2025-11-27T16:14:33","guid":{"rendered":"https:\/\/www.europesays.com\/se\/91410\/"},"modified":"2025-11-27T16:14:33","modified_gmt":"2025-11-27T16:14:33","slug":"ordforanden-lamnar-krisklubben-finns-ingen-dramatik-i-detta","status":"publish","type":"post","link":"https:\/\/www.europesays.com\/se\/91410\/","title":{"rendered":"Ordf\u00f6randen l\u00e4mnar krisklubben: &#8221;Finns ingen dramatik i detta&#8221;"},"content":{"rendered":"<p><strong><a href=\"https:\/\/hockeysverige.se\/klubb\/sodertalje-sk\/\" rel=\"nofollow noopener\" target=\"_blank\">S\u00f6dert\u00e4lje<\/a> har f\u00e5tt en tuff inledning p\u00e5 s\u00e4songen och ligger just nu p\u00e5 kvalpalts \u2013 l\u00e5ngt ifr\u00e5n vad klubbens ambitioner var inf\u00f6r s\u00e4songen. Nu kommer ytterligare ett bakslag d\u00e5 ordf\u00f6rande Peter Onstrand v\u00e4ljer att l\u00e4mna klubben.<br \/>\u2013 Jag har inte k\u00e4nt av n\u00e5got tryck utifr\u00e5n p\u00e5 att jag skulle avg\u00e5, s\u00e4ger Onstrand till <a href=\"https:\/\/www.sodertaljesk.se\/article\/xzsat6d-41461\/view\" rel=\"nofollow noopener\" target=\"_blank\">klubbens hemsida<\/a>.<\/strong><\/p>\n<p><img loading=\"lazy\" decoding=\"async\" width=\"1024\" height=\"658\" src=\"https:\/\/www.europesays.com\/se\/wp-content\/uploads\/2025\/11\/Sodertalje-2-1024x658.webp.webp\" alt=\"\" class=\"wp-image-330364\"  \/>Peter Onstrand l\u00e4mnar efter elva \u00e5r i SSK.<br \/>\nFoto: Emma Wallskog\/Bildbyr\u00e5n.<\/p>\n<p>Det har inte g\u00e5tt som planerat f\u00f6r S\u00f6dert\u00e4lje den h\u00e4r s\u00e4songen. Klubben sp\u00e4nde b\u00e5gen f\u00f6r en satsning mot <a href=\"https:\/\/hockeysverige.se\/shl\/\" rel=\"nofollow noopener\" target=\"_blank\">SHL<\/a>, men ligger p\u00e5 kvalplats med n\u00e4stan halva s\u00e4songen spelad. Nu v\u00e4ljer ordf\u00f6rande Peter Onstrand att l\u00e4mna sin roll inom f\u00f6reningen.<\/p>\n<p>\u2013 Jag har inte k\u00e4nt av n\u00e5got tryck utifr\u00e5n p\u00e5 att jag skulle avg\u00e5.\u00a0Jag l\u00e4mnar helt enkelt \u00f6ver stafettpinnen till n\u00e5gon med nya krafter att driva det vidare, s\u00e4ger han till klubbens hemsida.<\/p>\n<p>Onstrand har varit delaktig i styrelsen i n\u00e4stan tolv \u00e5r och har suttit som ordf\u00f6rande sedan 2022. Medans klubben letar efter en ers\u00e4ttare tar vice ordf\u00f6rande Lars-\u00c5ke M\u00e5nsson \u00f6ver rollen som ordinarie ordf\u00f6rande. N\u00e4r klubben h\u00e5ller sitt n\u00e4sta \u00e5rsm\u00f6te ska en ny ordf\u00f6rande utses.<\/p>\n<p>\u2013 Det finns ingen dramatik i detta. Valberedningen har vetat sedan i mars, tanken var att egentligen sluta redan vid f\u00f6rra \u00e5rsm\u00f6tet. I och med att jag slutar nu finns det bra med tid till n\u00e4sta \u00e5rsm\u00f6te att hitta nya ordf\u00f6randekandidater, s\u00e4ger Onstrand.<\/p>\n","protected":false},"excerpt":{"rendered":"S\u00f6dert\u00e4lje har f\u00e5tt en tuff inledning p\u00e5 s\u00e4songen och ligger just nu p\u00e5 kvalpalts \u2013 l\u00e5ngt ifr\u00e5n vad&hellip;\n","protected":false},"author":2,"featured_media":91411,"comment_status":"","ping_status":"","sticky":false,"template":"","format":"standard","meta":{"footnotes":""},"categories":[68],"tags":[621,34,133,111,110,31,33,32,30],"class_list":{"0":"post-91410","1":"post","2":"type-post","3":"status-publish","4":"format-standard","5":"has-post-thumbnail","7":"category-sport","8":"tag-hockeyallsvenskan","9":"tag-se","10":"tag-second-news","11":"tag-sport","12":"tag-sports","13":"tag-svenska","14":"tag-sverige","15":"tag-sweden","16":"tag-swedish"},"share_on_mastodon":{"url":"https:\/\/pubeurope.com\/@se\/115622554273558945","error":""},"_links":{"self":[{"href":"https:\/\/www.europesays.com\/se\/wp-json\/wp\/v2\/posts\/91410","targetHints":{"allow":["GET"]}}],"collection":[{"href":"https:\/\/www.europesays.com\/se\/wp-json\/wp\/v2\/posts"}],"about":[{"href":"https:\/\/www.europesays.com\/se\/wp-json\/wp\/v2\/types\/post"}],"author":[{"embeddable":true,"href":"https:\/\/www.europesays.com\/se\/wp-json\/wp\/v2\/users\/2"}],"replies":[{"embeddable":true,"href":"https:\/\/www.europesays.com\/se\/wp-json\/wp\/v2\/comments?post=91410"}],"version-history":[{"count":0,"href":"https:\/\/www.europesays.com\/se\/wp-json\/wp\/v2\/posts\/91410\/revisions"}],"wp:featuredmedia":[{"embeddable":true,"href":"https:\/\/www.europesays.com\/se\/wp-json\/wp\/v2\/media\/91411"}],"wp:attachment":[{"href":"https:\/\/www.europesays.com\/se\/wp-json\/wp\/v2\/media?parent=91410"}],"wp:term":[{"taxonomy":"category","embeddable":true,"href":"https:\/\/www.europesays.com\/se\/wp-json\/wp\/v2\/categories?post=91410"},{"taxonomy":"post_tag","embeddable":true,"href":"https:\/\/www.europesays.com\/se\/wp-json\/wp\/v2\/tags?post=91410"}],"curies":[{"name":"wp","href":"https:\/\/api.w.org\/{rel}","templated":true}]}}