{"id":91412,"date":"2025-11-27T16:18:08","date_gmt":"2025-11-27T16:18:08","guid":{"rendered":"https:\/\/www.europesays.com\/se\/91412\/"},"modified":"2025-11-27T16:18:08","modified_gmt":"2025-11-27T16:18:08","slug":"endast-hoppet-i-kristus-kan-ge-livet-mening-signum","status":"publish","type":"post","link":"https:\/\/www.europesays.com\/se\/91412\/","title":{"rendered":"Endast hoppet i Kristus kan ge livet mening \u2013 Signum"},"content":{"rendered":"<p style=\"font-weight: 400;\">Vid den allm\u00e4nna audiensen p\u00e5 onsdagen den 26 november reflekterade p\u00e5ven Leo XIV \u00f6ver livets mysterium och p\u00e5minde om att Guds k\u00e4rlek ger livet mening n\u00e4r vi deltar i att ge liv \u00e5t andra.<\/p>\n<p style=\"font-weight: 400;\">P\u00e5ven Leo XIV fortsatte sin katekes p\u00e5 temat hopp vid den allm\u00e4nna audiensen p\u00e5 onsdagen.<br \/>Han koncentrerade sig p\u00e5 mysteriet kring m\u00e4nniskans liv och de mots\u00e4gelser och l\u00f6ften som finns inb\u00e4ddade i v\u00e5r existens. Livet, sade han, ges oss som en g\u00e5va som vi inte bett om, och varje m\u00e4nniska m\u00f6ter sv\u00e5righeter och hinder, vissa i \u00e4nnu st\u00f6rre utstr\u00e4ckning.<\/p>\n<p style=\"font-weight: 400;\">\u201dLiv har en extraordin\u00e4r specifik karakt\u00e4r: det erbjuds oss, vi kan inte ge det till oss sj\u00e4lva, men det m\u00e5ste st\u00e4ndigt n\u00e4ras\u201d uttryckte p\u00e5ven. \u201dDet beh\u00f6ver omsorg f\u00f6r att uppeh\u00e5llas, f\u00f6r att livas upp, skyddas och \u00e5terstartas.\u201d<\/p>\n<p style=\"font-weight: 400;\">Med denna aspekt av g\u00e5va kommer den m\u00e4nskliga l\u00e4ngtan att f\u00f6rst\u00e5 v\u00e5rt syfte i livet och v\u00e5rt yttersta m\u00e5l. Att leva med ett syfte, sade p\u00e5ven, betyder att hitta riktning och hopp, vilket sedan g\u00f6r det m\u00f6jligt f\u00f6r oss att aldrig ge upp trots tr\u00f6tthet, och det l\u00e4r oss att lita p\u00e5 att v\u00e5r jordiska vandring en dag kommer att leda oss hem. \u201dAtt hoppas i livet\u201d uttryckte p\u00e5ven, \u201dbetyder att f\u00e5 en f\u00f6rsmak av m\u00e5let, att tro som s\u00e4kert p\u00e5 det vi \u00e4nnu inte ser och r\u00f6r vid, att lita p\u00e5 och \u00f6verl\u00e4mna oss till k\u00e4rleken fr\u00e5n en Fader som skapade oss eftersom Han ville oss i k\u00e4rlek och vill att vi ska vara lyckliga.\u201d<\/p>\n<p style=\"font-weight: 400;\">V\u00e5r v\u00e4rld, tillade p\u00e5ven, \u00e4r fylld av en sjukdom som kommer fr\u00e5n brist p\u00e5 tillit till livet, vilket f\u00e5r m\u00e4nniskor att bli fatalistiska och resignera i s\u00f6kandet efter ett syfte. Att leva kr\u00e4ver mod, och Jesu jordiska liv visade att Gud \u00f6nskar \u00e5terst\u00e4lla v\u00e5rt hopp, s\u00e4rskilt till de desperata, utst\u00f6tta och de som verkar fj\u00e4rran.<\/p>\n<p style=\"font-weight: 400;\">P\u00e5ven Leo XIV reflekterade sedan \u00f6ver Guds kallelse f\u00f6r m\u00e4nniskan att delta i Hans \u00f6nskan att ge liv till andra, och kallade k\u00e4rleken mellan en man och en kvinna f\u00f6r ett \u201dunderbart crescendo.\u201d \u201dGud skapade dem till sin egen avbild och anf\u00f6rtrodde dem uppdraget att i sin tur skapa i Hans avbild, det vill s\u00e4ga av k\u00e4rlek och i k\u00e4rlek\u201d uttryckte p\u00e5ven. \u201dDen heliga skriften visar oss fr\u00e5n allra f\u00f6rsta b\u00f6rjan att livet, just i sin h\u00f6gsta form, den m\u00e4nskliga formen, f\u00e5r g\u00e5van frihet och blir ett drama.\u201d<\/p>\n<p style=\"font-weight: 400;\">V\u00e5ra m\u00e4nskliga relationer, noterade han, pr\u00e4glas d\u00e4rf\u00f6r av mots\u00e4ttningar, eftersom v\u00e5r frihet f\u00e5r oss att uppfatta andra som konkurrenter eller hot. \u00c4nd\u00e5 f\u00f6rblir Gud trogen sin plan f\u00f6r m\u00e4nskligheten och lyfter st\u00e4ndigt upp oss fr\u00e5n v\u00e5r blinda instinkt till v\u00e5ld och diskriminering.<br \/>\u201dAtt skapa\u201d sade p\u00e5ven, \u201dbetyder allts\u00e5 att lita p\u00e5 Livets Gud och fr\u00e4mja det m\u00e4nskliga i alla dess uttryck: framf\u00f6r allt i det underbara \u00e4ventyret som moderskap och faderskap utg\u00f6r, \u00e4ven i sociala sammanhang d\u00e4r familjer k\u00e4mpar f\u00f6r att b\u00e4ra vardagens b\u00f6rda och ofta finner sig hindrade i sina projekt och dr\u00f6mmar.\u201d<\/p>\n<p style=\"font-weight: 400;\">Avslutningsvis uppmanade p\u00e5ven Leo de troende att v\u00e4nda blicken mot Kristi uppst\u00e5ndelse som v\u00e5rt hopp. \u201dN\u00e4r livet verkar ha slocknat och synes blockerat\u201d uttryckte p\u00e5ven, \u201dse, den uppst\u00e5ndne Herren passerar fortfarande f\u00f6rbi, till tidens slut, och vandrar med oss och f\u00f6r oss. Han \u00e4r v\u00e5rt hopp.\u201d<\/p>\n<p style=\"font-weight: 400;\">Vatican News, engelskspr\u00e5kiga redaktionen, 2025-11-26<\/p>\n<p style=\"font-weight: 400;\">Detta \u00e4r en nyhetstext.<\/p>\n","protected":false},"excerpt":{"rendered":"Vid den allm\u00e4nna audiensen p\u00e5 onsdagen den 26 november reflekterade p\u00e5ven Leo XIV \u00f6ver livets mysterium och p\u00e5minde&hellip;\n","protected":false},"author":2,"featured_media":35001,"comment_status":"","ping_status":"","sticky":false,"template":"","format":"standard","meta":{"footnotes":""},"categories":[14],"tags":[22,23,26,27,17,21,24,25,28,29,15,16,18,34,31,33,32,30,19,20,51,52,53,54],"class_list":{"0":"post-91412","1":"post","2":"type-post","3":"status-publish","4":"format-standard","5":"has-post-thumbnail","7":"category-varlden","8":"tag-breaking-news","9":"tag-breakingnews","10":"tag-featured-news","11":"tag-featurednews","12":"tag-headlines","13":"tag-huvudnyheter","14":"tag-latest-news","15":"tag-latestnews","16":"tag-main-news","17":"tag-mainnews","18":"tag-news","19":"tag-nyheter","20":"tag-rubriker","21":"tag-se","22":"tag-svenska","23":"tag-sverige","24":"tag-sweden","25":"tag-swedish","26":"tag-top-stories","27":"tag-topstories","28":"tag-varlden","29":"tag-world","30":"tag-world-news","31":"tag-worldnews"},"share_on_mastodon":{"url":"https:\/\/pubeurope.com\/@se\/115622569847704168","error":""},"_links":{"self":[{"href":"https:\/\/www.europesays.com\/se\/wp-json\/wp\/v2\/posts\/91412","targetHints":{"allow":["GET"]}}],"collection":[{"href":"https:\/\/www.europesays.com\/se\/wp-json\/wp\/v2\/posts"}],"about":[{"href":"https:\/\/www.europesays.com\/se\/wp-json\/wp\/v2\/types\/post"}],"author":[{"embeddable":true,"href":"https:\/\/www.europesays.com\/se\/wp-json\/wp\/v2\/users\/2"}],"replies":[{"embeddable":true,"href":"https:\/\/www.europesays.com\/se\/wp-json\/wp\/v2\/comments?post=91412"}],"version-history":[{"count":0,"href":"https:\/\/www.europesays.com\/se\/wp-json\/wp\/v2\/posts\/91412\/revisions"}],"wp:featuredmedia":[{"embeddable":true,"href":"https:\/\/www.europesays.com\/se\/wp-json\/wp\/v2\/media\/35001"}],"wp:attachment":[{"href":"https:\/\/www.europesays.com\/se\/wp-json\/wp\/v2\/media?parent=91412"}],"wp:term":[{"taxonomy":"category","embeddable":true,"href":"https:\/\/www.europesays.com\/se\/wp-json\/wp\/v2\/categories?post=91412"},{"taxonomy":"post_tag","embeddable":true,"href":"https:\/\/www.europesays.com\/se\/wp-json\/wp\/v2\/tags?post=91412"}],"curies":[{"name":"wp","href":"https:\/\/api.w.org\/{rel}","templated":true}]}}