{"id":91416,"date":"2025-11-27T16:22:12","date_gmt":"2025-11-27T16:22:12","guid":{"rendered":"https:\/\/www.europesays.com\/se\/91416\/"},"modified":"2025-11-27T16:22:12","modified_gmt":"2025-11-27T16:22:12","slug":"krista-parmakoski-avslutar-karriaren-langdskidor","status":"publish","type":"post","link":"https:\/\/www.europesays.com\/se\/91416\/","title":{"rendered":"Krista P\u00e4rm\u00e4koski avslutar karri\u00e4ren | L\u00e4ngdskidor"},"content":{"rendered":"<p>Publicerad 27 nov 2025 kl 08.48Uppdaterad kl 12.17<\/p>\n<p>En era i finsk skid\u00e5kning g\u00e5r mot sitt slut.\u00a0<\/p>\n<p>Krista P\u00e4rm\u00e4koski, 34, l\u00e4gger av efter s\u00e4songen.\u00a0<\/p>\n<p>\u201dDen kommande vintern visar hur min historia som skid\u00e5kare slutar\u201d, skriver hon p\u00e5 Instagram.<\/p>\n<p><img loading=\"lazy\"   alt=\"\"\/><\/p>\n<p>Krista P\u00e4rm\u00e4koski avslutar karri\u00e4ren.<\/p>\n<p>Foto: KALLE PARKKINEN \/ BILDBYR\u00c5N<\/p>\n<p>\u00d6ppna bild i helsk\u00e4rm<img loading=\"lazy\"   alt=\"\"\/> <\/p>\n<p>Foto: SVEN LINDWALL<\/p>\n<p>\u00d6ppna bild i helsk\u00e4rm<\/p>\n<p>Den 29 november 2008 gjorde <a href=\"https:\/\/www.expressen.se\/tagg\/person\/krista-parmakoski\/\" class=\"\" rel=\"nofollow noopener\" target=\"_blank\">Krista P\u00e4rm\u00e4koski<\/a> sin debut i v\u00e4rldscupen i finska Ruka. Nu, 17 \u00e5r och 12 m\u00e4sterskapsmedaljer senare, meddelar den finska storstj\u00e4rnan att karri\u00e4ren snart \u00e4r \u00f6ver.<\/p>\n<p>P\u00e5 Instagram meddelar P\u00e4rm\u00e4koski, dagen innan v\u00e4rldscupspremi\u00e4ren, att den h\u00e4r s\u00e4songen blir hennes sista som elitskid\u00e5kare.\u00a0<\/p>\n<p>\u201dResan har varit full av minnesv\u00e4rda stunder, framg\u00e5ngar och gl\u00e4dje. Men ocks\u00e5 m\u00e5nga misslyckanden, besvikelser och t\u00e5rar\u201d, skriver hon.\u00a0<\/p>\n<p>I samband med VM i Planica 2023 hintade P\u00e4rm\u00e4koski om att karri\u00e4ren kunde ta slut redan den v\u00e5ren, men hon \u00e4ndrade sig den g\u00e5ngen.\u00a0<\/p>\n<p>\u201dDe kloka s\u00e4ger att de vet n\u00e4r tiden \u00e4r inne. Jag trodde att jag var klar redan v\u00e5ren 2023, men nu har jag ro i kroppen nog att veta att den h\u00e4r s\u00e4songen blir min sista\u201d.\u00a0<\/p>\n<p>Stj\u00e4rnfall p\u00e5 damsidan \u2013 Krista P\u00e4rm\u00e4koski l\u00e4gger av<\/p>\n<p>P\u00e4rm\u00e4rkoski \u00e4r inte den enda stora skidstj\u00e4rnan som g\u00f6r sin avskedsturn\u00e9 den h\u00e4r s\u00e4songen. Amerikanska Jessie Diggins har \u00e4ven hon meddelat att s\u00e4songen 25\/26 blir hennes sista.\u00a0<\/p>\n<p>\u201dDet kommer bli tufft f\u00f6r mig att sluta, men det k\u00e4nns r\u00e4tt i hj\u00e4rtat och jag ser fram emot ett nytt kapitel i mitt liv\u201d, skrev hon p\u00e5 Instagram f\u00f6rra veckan.<\/p>\n","protected":false},"excerpt":{"rendered":"Publicerad 27 nov 2025 kl 08.48Uppdaterad kl 12.17 En era i finsk skid\u00e5kning g\u00e5r mot sitt slut.\u00a0 Krista&hellip;\n","protected":false},"author":2,"featured_media":91417,"comment_status":"","ping_status":"","sticky":false,"template":"","format":"standard","meta":{"footnotes":""},"categories":[68],"tags":[10494,34,857,111,110,31,33,32,30],"class_list":{"0":"post-91416","1":"post","2":"type-post","3":"status-publish","4":"format-standard","5":"has-post-thumbnail","7":"category-sport","8":"tag-person-krista-parmakoski","9":"tag-se","10":"tag-sections-langdskidor","11":"tag-sport","12":"tag-sports","13":"tag-svenska","14":"tag-sverige","15":"tag-sweden","16":"tag-swedish"},"share_on_mastodon":{"url":"https:\/\/pubeurope.com\/@se\/115622585516319034","error":""},"_links":{"self":[{"href":"https:\/\/www.europesays.com\/se\/wp-json\/wp\/v2\/posts\/91416","targetHints":{"allow":["GET"]}}],"collection":[{"href":"https:\/\/www.europesays.com\/se\/wp-json\/wp\/v2\/posts"}],"about":[{"href":"https:\/\/www.europesays.com\/se\/wp-json\/wp\/v2\/types\/post"}],"author":[{"embeddable":true,"href":"https:\/\/www.europesays.com\/se\/wp-json\/wp\/v2\/users\/2"}],"replies":[{"embeddable":true,"href":"https:\/\/www.europesays.com\/se\/wp-json\/wp\/v2\/comments?post=91416"}],"version-history":[{"count":0,"href":"https:\/\/www.europesays.com\/se\/wp-json\/wp\/v2\/posts\/91416\/revisions"}],"wp:featuredmedia":[{"embeddable":true,"href":"https:\/\/www.europesays.com\/se\/wp-json\/wp\/v2\/media\/91417"}],"wp:attachment":[{"href":"https:\/\/www.europesays.com\/se\/wp-json\/wp\/v2\/media?parent=91416"}],"wp:term":[{"taxonomy":"category","embeddable":true,"href":"https:\/\/www.europesays.com\/se\/wp-json\/wp\/v2\/categories?post=91416"},{"taxonomy":"post_tag","embeddable":true,"href":"https:\/\/www.europesays.com\/se\/wp-json\/wp\/v2\/tags?post=91416"}],"curies":[{"name":"wp","href":"https:\/\/api.w.org\/{rel}","templated":true}]}}