{"id":91449,"date":"2025-11-27T17:27:08","date_gmt":"2025-11-27T17:27:08","guid":{"rendered":"https:\/\/www.europesays.com\/se\/91449\/"},"modified":"2025-11-27T17:27:08","modified_gmt":"2025-11-27T17:27:08","slug":"sparpsykologen-tror-black-friday-sjalvdor-ropar-varg","status":"publish","type":"post","link":"https:\/\/www.europesays.com\/se\/91449\/","title":{"rendered":"Sparpsykologen tror Black Friday sj\u00e4lvd\u00f6r: \u201dRopar varg\u201d"},"content":{"rendered":"<p>I morgon startar Black Friday-rean. Att reorna p\u00e5g\u00e5r hela veckan riskerar att urvattna dess status, skriver SvD N\u00e4ringsliv.<\/p>\n<p>Spartj\u00e4nsten Optis psykolog Niklas Laninge ser ett sjunkande intresse f\u00f6r Black Friday bland svenska konsumenter. Han j\u00e4mf\u00f6r handlarna med pojken som ropade varg.<\/p>\n<p>\u2013 Nu n\u00e4r rabatterna inte g\u00e4ller en dag utan snarare en hel m\u00e5nad \u00e4r konceptet Black Friday helt urvattnat, s\u00e4ger Niklas Laninge.<\/p>\n<p>Rent psykologiskt triggar rabatterna ett k\u00f6pbeteende och en r\u00e4dsla f\u00f6r att g\u00e5 miste om en bra aff\u00e4r. Men n\u00e4r dessa \u00e5terkommer ofta f\u00f6rsvinner oron, menar Laninge.<\/p>\n<p>Omni \u00e4r politiskt obundna och oberoende. Vi str\u00e4var efter att ge fler perspektiv p\u00e5 nyheterna. Har du fr\u00e5gor eller synpunkter kring v\u00e5r rapportering? <a href=\"https:\/\/omni.se\/sparpsykologen-tror-black-friday-sjalvdor-ropar-varg\/a\/mailto:redaktion@omni.se\" class=\"ArticleActions_contactLink__W2F1M\" rel=\"nofollow noopener\" target=\"_blank\">Kontakta redaktionen<\/a><\/p>\n","protected":false},"excerpt":{"rendered":"I morgon startar Black Friday-rean. Att reorna p\u00e5g\u00e5r hela veckan riskerar att urvattna dess status, skriver SvD N\u00e4ringsliv.&hellip;\n","protected":false},"author":2,"featured_media":91450,"comment_status":"","ping_status":"","sticky":false,"template":"","format":"standard","meta":{"footnotes":""},"categories":[5],"tags":[6647,22,23,26,27,951,17,21,24,25,28,29,15,16,18,34,31,33,32,30,19,20],"class_list":{"0":"post-91449","1":"post","2":"type-post","3":"status-publish","4":"format-standard","5":"has-post-thumbnail","7":"category-rubriker","8":"tag-black-friday","9":"tag-breaking-news","10":"tag-breakingnews","11":"tag-featured-news","12":"tag-featurednews","13":"tag-handel-tjanster","14":"tag-headlines","15":"tag-huvudnyheter","16":"tag-latest-news","17":"tag-latestnews","18":"tag-main-news","19":"tag-mainnews","20":"tag-news","21":"tag-nyheter","22":"tag-rubriker","23":"tag-se","24":"tag-svenska","25":"tag-sverige","26":"tag-sweden","27":"tag-swedish","28":"tag-top-stories","29":"tag-topstories"},"share_on_mastodon":{"url":"https:\/\/pubeurope.com\/@se\/115622841082772595","error":""},"_links":{"self":[{"href":"https:\/\/www.europesays.com\/se\/wp-json\/wp\/v2\/posts\/91449","targetHints":{"allow":["GET"]}}],"collection":[{"href":"https:\/\/www.europesays.com\/se\/wp-json\/wp\/v2\/posts"}],"about":[{"href":"https:\/\/www.europesays.com\/se\/wp-json\/wp\/v2\/types\/post"}],"author":[{"embeddable":true,"href":"https:\/\/www.europesays.com\/se\/wp-json\/wp\/v2\/users\/2"}],"replies":[{"embeddable":true,"href":"https:\/\/www.europesays.com\/se\/wp-json\/wp\/v2\/comments?post=91449"}],"version-history":[{"count":0,"href":"https:\/\/www.europesays.com\/se\/wp-json\/wp\/v2\/posts\/91449\/revisions"}],"wp:featuredmedia":[{"embeddable":true,"href":"https:\/\/www.europesays.com\/se\/wp-json\/wp\/v2\/media\/91450"}],"wp:attachment":[{"href":"https:\/\/www.europesays.com\/se\/wp-json\/wp\/v2\/media?parent=91449"}],"wp:term":[{"taxonomy":"category","embeddable":true,"href":"https:\/\/www.europesays.com\/se\/wp-json\/wp\/v2\/categories?post=91449"},{"taxonomy":"post_tag","embeddable":true,"href":"https:\/\/www.europesays.com\/se\/wp-json\/wp\/v2\/tags?post=91449"}],"curies":[{"name":"wp","href":"https:\/\/api.w.org\/{rel}","templated":true}]}}