{"id":91451,"date":"2025-11-27T17:38:08","date_gmt":"2025-11-27T17:38:08","guid":{"rendered":"https:\/\/www.europesays.com\/se\/91451\/"},"modified":"2025-11-27T17:38:08","modified_gmt":"2025-11-27T17:38:08","slug":"planerade-kejsarsnitt-vanligare-hos-kvinnor-med-adhd","status":"publish","type":"post","link":"https:\/\/www.europesays.com\/se\/91451\/","title":{"rendered":"Planerade kejsarsnitt vanligare hos kvinnor med adhd"},"content":{"rendered":"<p class=\"sc-c25743f0-0 sc-e37c0145-2 hObFds DQgPn\">Studien, publicerad i <a href=\"https:\/\/onlinelibrary.wiley.com\/doi\/10.1111\/acps.70039\" class=\"pcc\" target=\"_blank\" rel=\"noopener noreferrer nofollow\">Acta Psychiatrica Scandinavica<\/a>, bygger p\u00e5 data fr\u00e5n drygt 12 000 kvinnor med adhd-diagnos. Forskarna j\u00e4mf\u00f6rde graviditets- och f\u00f6rlossningsutfall mellan kvinnor med och utan adhd mellan \u00e5ren 2006 och 2020.<\/p>\n<p class=\"sc-c25743f0-0 sc-e37c0145-2 hObFds DQgPn\">N\u00e4r forskarna justerat f\u00f6r \u00e5lder, utbildning, psykiatriska diagnoser och r\u00f6kning kvarstod en skillnad:<\/p>\n<p class=\"sc-c25743f0-0 sc-e37c0145-2 hObFds DQgPn\">\u2013 Kvinnor med adhd hade en n\u00e5got h\u00f6gre sannolikhet att f\u00f6da med planerat kejsarsnitt. Skillnaden fanns kvar \u00e4ven efter att vi tagit h\u00e4nsyn till andra faktorer. Adhd i sig var allts\u00e5 kopplat till en \u00f6kad andel planerade kejsarsnitt, s\u00e4ger Anneli Andersson, en av forskarna bakom studien.<\/p>\n<p>Riskerna s\u00e5g annorlunda ut n\u00e4r samsjuklighet r\u00e4knades in<\/p>\n<p class=\"sc-c25743f0-0 sc-e37c0145-2 hObFds DQgPn\">Tidigare studier har pekat p\u00e5 flera f\u00f6rlossningsrelaterade risker f\u00f6r kvinnor med adhd. Den nya studien visar att m\u00e5nga av dessa samband f\u00f6rsvinner n\u00e4r samsjuklighet och livsstilsfaktorer v\u00e4gs in.<\/p>\n<p class=\"sc-c25743f0-0 sc-e37c0145-2 hObFds DQgPn\">\u2013 F\u00f6r tidig f\u00f6dsel och andra komplikationer kan f\u00f6rklaras av andra psykiatriska diagnoser samt r\u00f6kning \u2013 inte av adhd, s\u00e4ger Andersson.<\/p>\n<p class=\"sc-c25743f0-0 sc-e37c0145-2 hObFds DQgPn\">Samsjuklighet \u00e4r vanligt i gruppen. \u00c5ngest, depression, bipol\u00e4r sjukdom och missbruk f\u00f6rekommer oftare hos kvinnor som har adhd.<\/p>\n<p>Barnen ofta st\u00f6rre \u00e4n v\u00e4ntat<\/p>\n<p class=\"sc-c25743f0-0 sc-e37c0145-2 hObFds DQgPn\">Forskarna fann att barn till kvinnor med adhd i h\u00f6gre grad var st\u00f6rre \u00e4n f\u00f6rv\u00e4ntat f\u00f6r graviditetsl\u00e4ngden. Det kan h\u00e4nga ihop med de vanligare planerade kejsarsnitten.<\/p>\n<p class=\"sc-c25743f0-0 sc-e37c0145-2 hObFds DQgPn\">\u2013 Vi kan inte fastsl\u00e5 orsaken, men eftersom fostret oftare v\u00e4xer mer \u00e4n normalt kan det p\u00e5verka beslutet om planerat kejsarsnitt. Det kan allts\u00e5 handla om medicinska sk\u00e4l kopplade till barnets storlek, s\u00e4ger Anneli Andersson.<\/p>\n<p>Ger en mer nyanserad bild<\/p>\n<p class=\"sc-c25743f0-0 sc-e37c0145-2 hObFds DQgPn\">Enligt forskarna ger studien en mer komplett bild \u00e4n tidigare forskning, eftersom den bygger p\u00e5 kliniska diagnoser snarare \u00e4n p\u00e5 l\u00e4kemedelsanv\u00e4ndning.<\/p>\n<p class=\"sc-c25743f0-0 sc-e37c0145-2 hObFds DQgPn\">\u2013 Resultatet g\u00f6r att vi beh\u00f6ver nyansera synen p\u00e5 risker kopplade till adhd och graviditet. F\u00f6rhoppningsvis kan det lugna kvinnor som har en adhd-diagnos, s\u00e4ger Andersson.<\/p>\n<p>\u00d6nskar f\u00f6r\u00e4ndringar i v\u00e5rden<\/p>\n<p class=\"sc-c25743f0-0 sc-e37c0145-2 hObFds DQgPn\">Forskargruppen vill att resultaten bidrar till ett bredare perspektiv inom m\u00f6drah\u00e4lsov\u00e5rden.<\/p>\n<p class=\"sc-c25743f0-0 sc-e37c0145-2 hObFds DQgPn\">\u2013 Vi hoppas att man ser att adhd i sig inte \u00e4r en stark riskfaktor f\u00f6r de flesta obstetriska komplikationer. Samsjuklighet och livsstilsfaktorer spelar ofta st\u00f6rre roll, s\u00e4ger Andersson.<\/p>\n<p class=\"sc-c25743f0-0 sc-e37c0145-2 hObFds DQgPn\">Hon lyfter behovet av tidig screening och insatser:<\/p>\n<p class=\"sc-c25743f0-0 sc-e37c0145-2 hObFds DQgPn\">\u2013 Kvinnor med adhd beh\u00f6ver ofta extra st\u00f6d. Det handlar om att uppt\u00e4cka och behandla \u00e5ngest, depression och substansbruk i tid. Och om att erbjuda st\u00f6d kring livsstilsfaktorer som r\u00f6kavv\u00e4njning, s\u00e4ger hon.<\/p>\n","protected":false},"excerpt":{"rendered":"Studien, publicerad i Acta Psychiatrica Scandinavica, bygger p\u00e5 data fr\u00e5n drygt 12 000 kvinnor med adhd-diagnos. Forskarna j\u00e4mf\u00f6rde&hellip;\n","protected":false},"author":2,"featured_media":91452,"comment_status":"","ping_status":"","sticky":false,"template":"","format":"standard","meta":{"footnotes":""},"categories":[69],"tags":[113,112,34,31,33,32,30],"class_list":{"0":"post-91451","1":"post","2":"type-post","3":"status-publish","4":"format-standard","5":"has-post-thumbnail","7":"category-halsa","8":"tag-halsa","9":"tag-health","10":"tag-se","11":"tag-svenska","12":"tag-sverige","13":"tag-sweden","14":"tag-swedish"},"share_on_mastodon":{"url":"https:\/\/pubeurope.com\/@se\/115622884401132109","error":""},"_links":{"self":[{"href":"https:\/\/www.europesays.com\/se\/wp-json\/wp\/v2\/posts\/91451","targetHints":{"allow":["GET"]}}],"collection":[{"href":"https:\/\/www.europesays.com\/se\/wp-json\/wp\/v2\/posts"}],"about":[{"href":"https:\/\/www.europesays.com\/se\/wp-json\/wp\/v2\/types\/post"}],"author":[{"embeddable":true,"href":"https:\/\/www.europesays.com\/se\/wp-json\/wp\/v2\/users\/2"}],"replies":[{"embeddable":true,"href":"https:\/\/www.europesays.com\/se\/wp-json\/wp\/v2\/comments?post=91451"}],"version-history":[{"count":0,"href":"https:\/\/www.europesays.com\/se\/wp-json\/wp\/v2\/posts\/91451\/revisions"}],"wp:featuredmedia":[{"embeddable":true,"href":"https:\/\/www.europesays.com\/se\/wp-json\/wp\/v2\/media\/91452"}],"wp:attachment":[{"href":"https:\/\/www.europesays.com\/se\/wp-json\/wp\/v2\/media?parent=91451"}],"wp:term":[{"taxonomy":"category","embeddable":true,"href":"https:\/\/www.europesays.com\/se\/wp-json\/wp\/v2\/categories?post=91451"},{"taxonomy":"post_tag","embeddable":true,"href":"https:\/\/www.europesays.com\/se\/wp-json\/wp\/v2\/tags?post=91451"}],"curies":[{"name":"wp","href":"https:\/\/api.w.org\/{rel}","templated":true}]}}