{"id":91453,"date":"2025-11-27T17:46:09","date_gmt":"2025-11-27T17:46:09","guid":{"rendered":"https:\/\/www.europesays.com\/se\/91453\/"},"modified":"2025-11-27T17:46:09","modified_gmt":"2025-11-27T17:46:09","slug":"tankar-kring-livets-mysterier-olandsbladet","status":"publish","type":"post","link":"https:\/\/www.europesays.com\/se\/91453\/","title":{"rendered":"Tankar kring livets mysterier \u2013 \u00d6landsbladet"},"content":{"rendered":"<p>Suzanne Sch\u00f6nstr\u00f6m ger oss insyn i ett stort antal religi\u00f6sa f\u00f6rest\u00e4llningsv\u00e4rldar d\u00e4r h\u00e4lsans mysterier \u00e4r satta under lupp och botemedlet \u00e4r, l\u00e4r k\u00e4nn dig sj\u00e4lv och dina inneboende krafter. Tusentals \u00e5r av m\u00e4nskligt s\u00f6kande efter den eviga ungdomens k\u00e4lla, evigt liv, ofelbarhet och mysteriets huvudfr\u00e5ga, Varf\u00f6r \u00e4r vi h\u00e4r? Beror svaret p\u00e5 vilken religion vi bek\u00e4nner oss till d\u00e5 blir det \u00e4nd\u00e5 mer mystiskt. Men vill vi bara uppfatta oss sj\u00e4lva som sprungna ur en p\u00e5g\u00e5ende evolution som f\u00f6r l\u00e4nge sedan utvecklade m\u00e4nniskor bland alla d\u00e4ggdjur som bebott och bebor v\u00e5r planet. Har universum med detta att g\u00f6ra? Svar, ja. Om man i det svaret tar med i ber\u00e4kningen att utan det perfekta avst\u00e5ndet till solen hade jorden aldrig blivit m\u00f6jlig att leva p\u00e5, \u00e4n mindre befolkas av h\u00f6gre utvecklade organismer.<\/p>\n<p>Suzanne Sch\u00f6nstr\u00f6m ger pedagogisk v\u00e4gledning till sj\u00e4lvhj\u00e4lp. Hon f\u00f6resl\u00e5r att man \u00e4gnar en stund varje dag till kontemplation, ett inre s\u00f6kande efter lugn och frid. Att g\u00f6ra det genom de \u00f6vningar hon presenterar \u00e4r klokt d\u00e5 man utan att grubbla, kan prova sig fram till ett eget s\u00e4tt att m\u00f6ta sig sj\u00e4lv.  <\/p>\n","protected":false},"excerpt":{"rendered":"Suzanne Sch\u00f6nstr\u00f6m ger oss insyn i ett stort antal religi\u00f6sa f\u00f6rest\u00e4llningsv\u00e4rldar d\u00e4r h\u00e4lsans mysterier \u00e4r satta under lupp&hellip;\n","protected":false},"author":2,"featured_media":91454,"comment_status":"","ping_status":"","sticky":false,"template":"","format":"standard","meta":{"footnotes":""},"categories":[69],"tags":[113,112,34,31,33,32,30],"class_list":{"0":"post-91453","1":"post","2":"type-post","3":"status-publish","4":"format-standard","5":"has-post-thumbnail","7":"category-halsa","8":"tag-halsa","9":"tag-health","10":"tag-se","11":"tag-svenska","12":"tag-sverige","13":"tag-sweden","14":"tag-swedish"},"share_on_mastodon":{"url":"https:\/\/pubeurope.com\/@se\/115622916062315662","error":""},"_links":{"self":[{"href":"https:\/\/www.europesays.com\/se\/wp-json\/wp\/v2\/posts\/91453","targetHints":{"allow":["GET"]}}],"collection":[{"href":"https:\/\/www.europesays.com\/se\/wp-json\/wp\/v2\/posts"}],"about":[{"href":"https:\/\/www.europesays.com\/se\/wp-json\/wp\/v2\/types\/post"}],"author":[{"embeddable":true,"href":"https:\/\/www.europesays.com\/se\/wp-json\/wp\/v2\/users\/2"}],"replies":[{"embeddable":true,"href":"https:\/\/www.europesays.com\/se\/wp-json\/wp\/v2\/comments?post=91453"}],"version-history":[{"count":0,"href":"https:\/\/www.europesays.com\/se\/wp-json\/wp\/v2\/posts\/91453\/revisions"}],"wp:featuredmedia":[{"embeddable":true,"href":"https:\/\/www.europesays.com\/se\/wp-json\/wp\/v2\/media\/91454"}],"wp:attachment":[{"href":"https:\/\/www.europesays.com\/se\/wp-json\/wp\/v2\/media?parent=91453"}],"wp:term":[{"taxonomy":"category","embeddable":true,"href":"https:\/\/www.europesays.com\/se\/wp-json\/wp\/v2\/categories?post=91453"},{"taxonomy":"post_tag","embeddable":true,"href":"https:\/\/www.europesays.com\/se\/wp-json\/wp\/v2\/tags?post=91453"}],"curies":[{"name":"wp","href":"https:\/\/api.w.org\/{rel}","templated":true}]}}