{"id":91457,"date":"2025-11-27T17:51:08","date_gmt":"2025-11-27T17:51:08","guid":{"rendered":"https:\/\/www.europesays.com\/se\/91457\/"},"modified":"2025-11-27T17:51:08","modified_gmt":"2025-11-27T17:51:08","slug":"dansk-nattvakt-haller-koll-pa-trump-och-gronland","status":"publish","type":"post","link":"https:\/\/www.europesays.com\/se\/91457\/","title":{"rendered":"Dansk nattvakt h\u00e5ller koll p\u00e5 Trump och Gr\u00f6nland"},"content":{"rendered":"<p>Av Patrik Dahlin<br \/>Publicerad 27 november, 18:33. Uppdaterad 27 november, 18:37<\/p>\n<p>Danska utrikesdepartementet har inr\u00e4ttat en nattjour som ska rapportera vad Donald Trump g\u00f6r medan danskarna ligger och sover, rapporterar tidningen Politiken. En rapport sammanst\u00e4lls mellan klockan 17 p\u00e5 kv\u00e4llen och 07 p\u00e5 morgonen, f\u00f6r regeringen och flera myndigheter att ta del av. <\/p>\n<p>Tj\u00e4nsten ska ha inf\u00f6rts i k\u00f6lvattnet av konflikten som uppstod n\u00e4r Donald Trump i v\u00e5ras hotade att ta kontroll \u00f6ver Gr\u00f6nland. <\/p>\n<p>\u2013 Det \u00e4r rimligt att s\u00e4ga att situationen p\u00e5 Gr\u00f6nland och tidsskillnaden mellan Danmark och USA har varit en ganska viktig faktor. <\/p>\n<p>Omni \u00e4r politiskt obundna och oberoende. Vi str\u00e4var efter att ge fler perspektiv p\u00e5 nyheterna. Har du fr\u00e5gor eller synpunkter kring v\u00e5r rapportering? <a href=\"https:\/\/omni.se\/dansk-nattvakt-haller-koll-pa-trump-och-gronland\/a\/mailto:redaktion@omni.se\" class=\"ArticleActions_contactLink__W2F1M\" rel=\"nofollow noopener\" target=\"_blank\">Kontakta redaktionen<\/a><\/p>\n","protected":false},"excerpt":{"rendered":"Av Patrik DahlinPublicerad 27 november, 18:33. Uppdaterad 27 november, 18:37 Danska utrikesdepartementet har inr\u00e4ttat en nattjour som ska&hellip;\n","protected":false},"author":2,"featured_media":91458,"comment_status":"","ping_status":"","sticky":false,"template":"","format":"standard","meta":{"footnotes":""},"categories":[14],"tags":[22,23,1205,385,26,27,2161,17,21,24,25,28,29,15,16,18,34,31,33,32,30,19,20,386,74,51,52,53,54],"class_list":{"0":"post-91457","1":"post","2":"type-post","3":"status-publish","4":"format-standard","5":"has-post-thumbnail","7":"category-varlden","8":"tag-breaking-news","9":"tag-breakingnews","10":"tag-danmark","11":"tag-donald-trump","12":"tag-featured-news","13":"tag-featurednews","14":"tag-gronland","15":"tag-headlines","16":"tag-huvudnyheter","17":"tag-latest-news","18":"tag-latestnews","19":"tag-main-news","20":"tag-mainnews","21":"tag-news","22":"tag-nyheter","23":"tag-rubriker","24":"tag-se","25":"tag-svenska","26":"tag-sverige","27":"tag-sweden","28":"tag-swedish","29":"tag-top-stories","30":"tag-topstories","31":"tag-trumps-usa","32":"tag-usa","33":"tag-varlden","34":"tag-world","35":"tag-world-news","36":"tag-worldnews"},"share_on_mastodon":{"url":"https:\/\/pubeurope.com\/@se\/115622935442085389","error":""},"_links":{"self":[{"href":"https:\/\/www.europesays.com\/se\/wp-json\/wp\/v2\/posts\/91457","targetHints":{"allow":["GET"]}}],"collection":[{"href":"https:\/\/www.europesays.com\/se\/wp-json\/wp\/v2\/posts"}],"about":[{"href":"https:\/\/www.europesays.com\/se\/wp-json\/wp\/v2\/types\/post"}],"author":[{"embeddable":true,"href":"https:\/\/www.europesays.com\/se\/wp-json\/wp\/v2\/users\/2"}],"replies":[{"embeddable":true,"href":"https:\/\/www.europesays.com\/se\/wp-json\/wp\/v2\/comments?post=91457"}],"version-history":[{"count":0,"href":"https:\/\/www.europesays.com\/se\/wp-json\/wp\/v2\/posts\/91457\/revisions"}],"wp:featuredmedia":[{"embeddable":true,"href":"https:\/\/www.europesays.com\/se\/wp-json\/wp\/v2\/media\/91458"}],"wp:attachment":[{"href":"https:\/\/www.europesays.com\/se\/wp-json\/wp\/v2\/media?parent=91457"}],"wp:term":[{"taxonomy":"category","embeddable":true,"href":"https:\/\/www.europesays.com\/se\/wp-json\/wp\/v2\/categories?post=91457"},{"taxonomy":"post_tag","embeddable":true,"href":"https:\/\/www.europesays.com\/se\/wp-json\/wp\/v2\/tags?post=91457"}],"curies":[{"name":"wp","href":"https:\/\/api.w.org\/{rel}","templated":true}]}}