{"id":91470,"date":"2025-11-27T18:09:12","date_gmt":"2025-11-27T18:09:12","guid":{"rendered":"https:\/\/www.europesays.com\/se\/91470\/"},"modified":"2025-11-27T18:09:12","modified_gmt":"2025-11-27T18:09:12","slug":"trump-rasar-efter-fragor-sin-alder-galningar","status":"publish","type":"post","link":"https:\/\/www.europesays.com\/se\/91470\/","title":{"rendered":"Trump rasar efter fr\u00e5gor sin \u00e5lder: \u201dGalningar\u201d"},"content":{"rendered":"<p>Publicerad 27 nov 2025 kl 19.04<\/p>\n<p>Donald Trumps schema har v\u00e4ckt fr\u00e5gor om han b\u00f6rjar tappa sin energi i takt med stigande \u00e5lder.<\/p>\n<p>N\u00e5got som den 79-\u00e5riga presidenten kraftigt dementerar.<\/p>\n<p>\u201dDe v\u00e4nsterradikala galningarna p\u00e5 den snart konkursade New York Times har gjort ett smutskastningsreportage\u201d, skriver han p\u00e5 Truth Social.<\/p>\n<p>Senaste klippen om Trump-administrationen.<img   alt=\"\"\/> <\/p>\n<p>Foto: EVAN VUCCI \/ AP TT NYHETSBYR\u00c5N<\/p>\n<p>\u00d6ppna bild i helsk\u00e4rm<\/p>\n<p>Donald Trump \u00e4r den \u00e4ldsta personen som n\u00e5gonsin valts till USA:s president. Folk i hans n\u00e4rhet har l\u00e4nge lyft fram hans energiska personlighet, men det finns tecken p\u00e5 att den b\u00f6rjar tryta, skriver <a href=\"https:\/\/www.nytimes.com\/2025\/11\/25\/us\/politics\/trump-age-health.html\" rel=\"nofollow noopener\" target=\"_blank\">The New York Times<\/a> som har g\u00e5tt igenom hans schema.<\/p>\n<p>I dag inleds Trumps offentliga framtr\u00e4danden n\u00e4stan en och en halv timme senare i snitt, och de har ocks\u00e5 minskat med n\u00e4stan 40 procent j\u00e4mf\u00f6rt med hans f\u00f6rsta mandatperiod.<\/p>\n<p>Presidenten sj\u00e4lv v\u00e4nder sig starkt emot p\u00e5st\u00e5endet att hans ork b\u00f6rjat svikta.<\/p>\n<p>\u201dDe v\u00e4nsterradikala galningarna p\u00e5 den snart konkursade New York Times har gjort ett smutskastningsreportage om att jag skulle vara p\u00e5 v\u00e4g att tappa energin, trots att fakta visar exakt motsatsen\u201d, skriver han i ett inl\u00e4gg p\u00e5 Truth Social.<\/p>\n<p>\u201dPERFEKT\u201d<\/p>\n<p>Samtidigt p\u00e5pekar han att det kommer en dag n\u00e4r hans viljestyrka kommer att ta slut.<\/p>\n<p>\u201dMen med en PERFEKT H\u00c4LSOUNDERS\u00d6KNING OCH ETT KOGNITIVT TEST (\u201dsom jag klarade galant\u201d) NYLIGEN, \u00c4R DEN DAGEN INTE NU.\u201d<\/p>\n<p>Utspelet \u00e4r bara ett i raden av Trumps l\u00e5ngtg\u00e5ende fejd med The New York Times. I september st\u00e4mde han tidningen p\u00e5 motsvarande 140 miljarder kronor och anklagade den f\u00f6r att vara en megafon f\u00f6r det demokratiska partiet. St\u00e4mningen lades ner n\u00e5gra dagar senare, skriver <a href=\"https:\/\/www.politico.com\/news\/2025\/11\/26\/donald-trump-nyt-age-health-00669553\" rel=\"nofollow noopener\" target=\"_blank\">Politico<\/a>.<\/p>\n<p>En talesperson f\u00f6r The New York Times, Charlie Stadtlander, svarar i ett uttalande att publiceringen \u00e4r faktabaserad och korrekt.<\/p>\n<p>\u201dPersonangrepp och f\u00f6rol\u00e4mpningar \u00e4ndrar inte det, och v\u00e5ra journalister kommer inte heller att tveka att bevaka denna administration trots den h\u00e4r typen av skr\u00e4mseltaktik\u201d, skriver Stadtlander.<\/p>\n<p><strong>L\u00c4S MER: <\/strong><a href=\"https:\/\/www.expressen.se\/nyheter\/varlden\/trumps-hoga-alder-uppges-bli-tydligare-syns-mindre\/\" class=\"\" rel=\"nofollow noopener\" target=\"_blank\">Trumps h\u00f6ga \u00e5lder uppges bli tydligare \u2013 syns mindre<\/a>\u201dJag bryr mig inte \u2013 jag g\u00f6r det inte.\u201d<\/p>\n","protected":false},"excerpt":{"rendered":"Publicerad 27 nov 2025 kl 19.04 Donald Trumps schema har v\u00e4ckt fr\u00e5gor om han b\u00f6rjar tappa sin energi&hellip;\n","protected":false},"author":2,"featured_media":91471,"comment_status":"","ping_status":"","sticky":false,"template":"","format":"standard","meta":{"footnotes":""},"categories":[5],"tags":[22,23,26,27,17,21,24,25,45,28,29,15,16,198,18,34,55,31,33,32,30,19,204,20],"class_list":{"0":"post-91470","1":"post","2":"type-post","3":"status-publish","4":"format-standard","5":"has-post-thumbnail","7":"category-rubriker","8":"tag-breaking-news","9":"tag-breakingnews","10":"tag-featured-news","11":"tag-featurednews","12":"tag-headlines","13":"tag-huvudnyheter","14":"tag-latest-news","15":"tag-latestnews","16":"tag-location-usa","17":"tag-main-news","18":"tag-mainnews","19":"tag-news","20":"tag-nyheter","21":"tag-person-donald-trump","22":"tag-rubriker","23":"tag-se","24":"tag-sections-varlden","25":"tag-svenska","26":"tag-sverige","27":"tag-sweden","28":"tag-swedish","29":"tag-top-stories","30":"tag-topic-amerikansk-politik","31":"tag-topstories"},"share_on_mastodon":{"url":"https:\/\/pubeurope.com\/@se\/115623006261915898","error":""},"_links":{"self":[{"href":"https:\/\/www.europesays.com\/se\/wp-json\/wp\/v2\/posts\/91470","targetHints":{"allow":["GET"]}}],"collection":[{"href":"https:\/\/www.europesays.com\/se\/wp-json\/wp\/v2\/posts"}],"about":[{"href":"https:\/\/www.europesays.com\/se\/wp-json\/wp\/v2\/types\/post"}],"author":[{"embeddable":true,"href":"https:\/\/www.europesays.com\/se\/wp-json\/wp\/v2\/users\/2"}],"replies":[{"embeddable":true,"href":"https:\/\/www.europesays.com\/se\/wp-json\/wp\/v2\/comments?post=91470"}],"version-history":[{"count":0,"href":"https:\/\/www.europesays.com\/se\/wp-json\/wp\/v2\/posts\/91470\/revisions"}],"wp:featuredmedia":[{"embeddable":true,"href":"https:\/\/www.europesays.com\/se\/wp-json\/wp\/v2\/media\/91471"}],"wp:attachment":[{"href":"https:\/\/www.europesays.com\/se\/wp-json\/wp\/v2\/media?parent=91470"}],"wp:term":[{"taxonomy":"category","embeddable":true,"href":"https:\/\/www.europesays.com\/se\/wp-json\/wp\/v2\/categories?post=91470"},{"taxonomy":"post_tag","embeddable":true,"href":"https:\/\/www.europesays.com\/se\/wp-json\/wp\/v2\/tags?post=91470"}],"curies":[{"name":"wp","href":"https:\/\/api.w.org\/{rel}","templated":true}]}}