{"id":91478,"date":"2025-11-27T18:15:09","date_gmt":"2025-11-27T18:15:09","guid":{"rendered":"https:\/\/www.europesays.com\/se\/91478\/"},"modified":"2025-11-27T18:15:09","modified_gmt":"2025-11-27T18:15:09","slug":"i-ryskt-intresse-att-stoppa","status":"publish","type":"post","link":"https:\/\/www.europesays.com\/se\/91478\/","title":{"rendered":"\u201dI ryskt intresse att stoppa\u201d"},"content":{"rendered":"<p>Medan Rysslands krig mot Ukraina g\u00e5r in p\u00e5 sin fj\u00e4rde vinter f\u00e5r den ryska befolkningen det allt sv\u00e5rare ekonomiskt. Hush\u00e5llens ekonomi urholkas och st\u00e5l-, gruv- och energibolagen k\u00e4mpar f\u00f6r att f\u00e5 det att g\u00e5 runt. De ekonomiska stimulanser som syntes i krigets tidiga dagar \u00e4r borta nu, skriver Bloomberg.<\/p>\n<p>\u2013 Priserna \u00f6kar snabbare \u00e4n l\u00f6nerna nu, s\u00e4ger Elena, chef f\u00f6r ett eventbolag i Moskva. <\/p>\n<p>Samtidigt f\u00f6rs\u00f6ker USA nu pressa landet att n\u00e5 ett fredsavtal med Ukraina, bland annat genom att minska p\u00e5 olje- och gasfl\u00f6det till Moskva. Att det skulle ge \u00f6nskad effekt just nu bed\u00f6mer Alexander Gabuev, chef p\u00e5 Carnegie i Berlin, dock som osannolikt.<\/p>\n<p>\u2013 Baserat p\u00e5 de \u00f6vergripande ekonomiska indikatorerna vore det i Rysslands b\u00e4sta intresse att stoppa kriget nu. Men f\u00f6r att vilja avsluta kriget m\u00e5ste man se stupets kant. D\u00e4r \u00e4r Ryssland inte \u00e4nnu.<\/p>\n<p>Omni \u00e4r politiskt obundna och oberoende. Vi str\u00e4var efter att ge fler perspektiv p\u00e5 nyheterna. Har du fr\u00e5gor eller synpunkter kring v\u00e5r rapportering? <a href=\"https:\/\/omni.se\/ekonomisk-press-pa-ryssar-okar-inte-vid-stupets-kant\/a\/mailto:redaktion@omni.se\" class=\"ArticleActions_contactLink__W2F1M\" rel=\"nofollow noopener\" target=\"_blank\">Kontakta redaktionen<\/a><\/p>\n","protected":false},"excerpt":{"rendered":"Medan Rysslands krig mot Ukraina g\u00e5r in p\u00e5 sin fj\u00e4rde vinter f\u00e5r den ryska befolkningen det allt sv\u00e5rare&hellip;\n","protected":false},"author":2,"featured_media":91479,"comment_status":"","ping_status":"","sticky":false,"template":"","format":"standard","meta":{"footnotes":""},"categories":[14],"tags":[22,23,267,26,27,17,21,24,25,28,29,15,16,18,269,264,34,31,33,32,30,19,20,263,51,52,53,54],"class_list":{"0":"post-91478","1":"post","2":"type-post","3":"status-publish","4":"format-standard","5":"has-post-thumbnail","7":"category-varlden","8":"tag-breaking-news","9":"tag-breakingnews","10":"tag-europa","11":"tag-featured-news","12":"tag-featurednews","13":"tag-headlines","14":"tag-huvudnyheter","15":"tag-latest-news","16":"tag-latestnews","17":"tag-main-news","18":"tag-mainnews","19":"tag-news","20":"tag-nyheter","21":"tag-rubriker","22":"tag-ryska-invasionen","23":"tag-ryssland","24":"tag-se","25":"tag-svenska","26":"tag-sverige","27":"tag-sweden","28":"tag-swedish","29":"tag-top-stories","30":"tag-topstories","31":"tag-ukraina","32":"tag-varlden","33":"tag-world","34":"tag-world-news","35":"tag-worldnews"},"share_on_mastodon":{"url":"https:\/\/pubeurope.com\/@se\/115623029851251814","error":""},"_links":{"self":[{"href":"https:\/\/www.europesays.com\/se\/wp-json\/wp\/v2\/posts\/91478","targetHints":{"allow":["GET"]}}],"collection":[{"href":"https:\/\/www.europesays.com\/se\/wp-json\/wp\/v2\/posts"}],"about":[{"href":"https:\/\/www.europesays.com\/se\/wp-json\/wp\/v2\/types\/post"}],"author":[{"embeddable":true,"href":"https:\/\/www.europesays.com\/se\/wp-json\/wp\/v2\/users\/2"}],"replies":[{"embeddable":true,"href":"https:\/\/www.europesays.com\/se\/wp-json\/wp\/v2\/comments?post=91478"}],"version-history":[{"count":0,"href":"https:\/\/www.europesays.com\/se\/wp-json\/wp\/v2\/posts\/91478\/revisions"}],"wp:featuredmedia":[{"embeddable":true,"href":"https:\/\/www.europesays.com\/se\/wp-json\/wp\/v2\/media\/91479"}],"wp:attachment":[{"href":"https:\/\/www.europesays.com\/se\/wp-json\/wp\/v2\/media?parent=91478"}],"wp:term":[{"taxonomy":"category","embeddable":true,"href":"https:\/\/www.europesays.com\/se\/wp-json\/wp\/v2\/categories?post=91478"},{"taxonomy":"post_tag","embeddable":true,"href":"https:\/\/www.europesays.com\/se\/wp-json\/wp\/v2\/tags?post=91478"}],"curies":[{"name":"wp","href":"https:\/\/api.w.org\/{rel}","templated":true}]}}