{"id":91482,"date":"2025-11-27T18:19:12","date_gmt":"2025-11-27T18:19:12","guid":{"rendered":"https:\/\/www.europesays.com\/se\/91482\/"},"modified":"2025-11-27T18:19:12","modified_gmt":"2025-11-27T18:19:12","slug":"vimmerby-lanar-in-shl-testade-forwarden","status":"publish","type":"post","link":"https:\/\/www.europesays.com\/se\/91482\/","title":{"rendered":"Vimmerby l\u00e5nar in SHL-testade forwarden"},"content":{"rendered":"<p><strong><a href=\"https:\/\/hockeysverige.se\/klubb\/vimmerby-hockey\/\" rel=\"nofollow noopener\" target=\"_blank\">Vimmerby HC<\/a> l\u00e5nar in <a href=\"https:\/\/hockeysverige.se\/shl\/\" rel=\"nofollow noopener\" target=\"_blank\">SHL<\/a>-testade Kevin Engvall fr\u00e5n M\u00f6rrum i <a href=\"https:\/\/hockeysverige.se\/hockeyettan\/\" rel=\"nofollow noopener\" target=\"_blank\">Hockeyettan<\/a>. Detta inf\u00f6r morgondagens match mot <a href=\"https:\/\/hockeysverige.se\/klubb\/vasteras-ik\/\" rel=\"nofollow noopener\" target=\"_blank\">V\u00e4ster\u00e5s<\/a>. 23-\u00e5ringen har tidigare gjort matcher i <a href=\"https:\/\/hockeysverige.se\/hockeyallsvenskan\/\" rel=\"nofollow noopener\" target=\"_blank\">Hockeyallsvenskan<\/a> och f\u00f6r <a href=\"https:\/\/hockeysverige.se\/klubb\/rogle-bk\/\" rel=\"nofollow noopener\" target=\"_blank\">R\u00f6gle<\/a>.<\/strong><\/p>\n<p><img loading=\"lazy\" decoding=\"async\" width=\"1024\" height=\"658\" src=\"https:\/\/www.europesays.com\/se\/wp-content\/uploads\/2025\/11\/Kevin-Engvall-1024x658.webp.webp\" alt=\"\" class=\"wp-image-330386\"  \/>Kevin Engvall i Mora 2022.<br \/>\nFoto: Emma Wallskog\/Bildbyr\u00e5n.<\/p>\n<p>Vimmerby v\u00e4ljer att agera inf\u00f6r morgondagens drabbning med V\u00e4ster\u00e5s och l\u00e5nar in 23-\u00e5rige Kevin Engvall fr\u00e5n M\u00f6rrums GoIS i Hockeyettan. Detta meddelar klubben p\u00e5 sin <a href=\"https:\/\/www.instagram.com\/p\/DRkGE5MjJvu\/?hl=sv\" rel=\"nofollow noopener\" target=\"_blank\">instagram<\/a>.<\/p>\n<p> Forwarden har presterat bra under de inledande matcherna i tredjeligan, och har noterats f\u00f6r elva po\u00e4ng (6+5) p\u00e5 lika m\u00e5nga matcher. Envall har dessutom erfarenhet av Hockeyallsvenskan sedan innan d\u00e5 han gjort matcher i ligan f\u00f6r b\u00e5da <a href=\"https:\/\/hockeysverige.se\/klubb\/mora-ik\/\" rel=\"nofollow noopener\" target=\"_blank\">Mora<\/a> och <a href=\"https:\/\/hockeysverige.se\/klubb\/kristianstads-ik\/\" rel=\"nofollow noopener\" target=\"_blank\">Kristianstad<\/a>. 23-\u00e5ringen har dessutom provat p\u00e5 SHL-spel med R\u00f6gle s\u00e4songen 21\/22.<\/p>\n<p>Kevin Engvall \u00e4r bror med <a href=\"https:\/\/hockeysverige.se\/spelare\/pierre-engvall\/\" rel=\"nofollow noopener\" target=\"_blank\">Pierre Engvall<\/a> som spelar med <a href=\"https:\/\/hockeysverige.se\/klubb\/new-york-islanders\/\" rel=\"nofollow noopener\" target=\"_blank\">New York Islanders<\/a> i <a href=\"https:\/\/hockeysverige.se\/nhl\/\" rel=\"nofollow noopener\" target=\"_blank\">NHL<\/a>. 23-\u00e5ringen draftades aldrig och har inte spelat utanf\u00f6r Sverige.<\/p>\n<p> Source: <a href=\"https:\/\/www.eliteprospects.com\/player\/395298\/kevin-engvall\" target=\"_blank\" rel=\"noopener noreferrer nofollow\">Kevin Engvall<\/a> @ Elite Prospects<\/p>\n<p><script async src=\"\/\/www.instagram.com\/embed.js\"><\/script><\/p>\n","protected":false},"excerpt":{"rendered":"Vimmerby HC l\u00e5nar in SHL-testade Kevin Engvall fr\u00e5n M\u00f6rrum i Hockeyettan. Detta inf\u00f6r morgondagens match mot V\u00e4ster\u00e5s. 23-\u00e5ringen&hellip;\n","protected":false},"author":2,"featured_media":91483,"comment_status":"","ping_status":"","sticky":false,"template":"","format":"standard","meta":{"footnotes":""},"categories":[68],"tags":[621,34,133,111,110,31,33,32,30],"class_list":{"0":"post-91482","1":"post","2":"type-post","3":"status-publish","4":"format-standard","5":"has-post-thumbnail","7":"category-sport","8":"tag-hockeyallsvenskan","9":"tag-se","10":"tag-second-news","11":"tag-sport","12":"tag-sports","13":"tag-svenska","14":"tag-sverige","15":"tag-sweden","16":"tag-swedish"},"share_on_mastodon":{"url":"https:\/\/pubeurope.com\/@se\/115623045751407293","error":""},"_links":{"self":[{"href":"https:\/\/www.europesays.com\/se\/wp-json\/wp\/v2\/posts\/91482","targetHints":{"allow":["GET"]}}],"collection":[{"href":"https:\/\/www.europesays.com\/se\/wp-json\/wp\/v2\/posts"}],"about":[{"href":"https:\/\/www.europesays.com\/se\/wp-json\/wp\/v2\/types\/post"}],"author":[{"embeddable":true,"href":"https:\/\/www.europesays.com\/se\/wp-json\/wp\/v2\/users\/2"}],"replies":[{"embeddable":true,"href":"https:\/\/www.europesays.com\/se\/wp-json\/wp\/v2\/comments?post=91482"}],"version-history":[{"count":0,"href":"https:\/\/www.europesays.com\/se\/wp-json\/wp\/v2\/posts\/91482\/revisions"}],"wp:featuredmedia":[{"embeddable":true,"href":"https:\/\/www.europesays.com\/se\/wp-json\/wp\/v2\/media\/91483"}],"wp:attachment":[{"href":"https:\/\/www.europesays.com\/se\/wp-json\/wp\/v2\/media?parent=91482"}],"wp:term":[{"taxonomy":"category","embeddable":true,"href":"https:\/\/www.europesays.com\/se\/wp-json\/wp\/v2\/categories?post=91482"},{"taxonomy":"post_tag","embeddable":true,"href":"https:\/\/www.europesays.com\/se\/wp-json\/wp\/v2\/tags?post=91482"}],"curies":[{"name":"wp","href":"https:\/\/api.w.org\/{rel}","templated":true}]}}