{"id":91490,"date":"2025-11-27T18:31:12","date_gmt":"2025-11-27T18:31:12","guid":{"rendered":"https:\/\/www.europesays.com\/se\/91490\/"},"modified":"2025-11-27T18:31:12","modified_gmt":"2025-11-27T18:31:12","slug":"eu-maste-visa-ledarskap-for-att-sakerstalla-fred-for-ukraina-nyheter","status":"publish","type":"post","link":"https:\/\/www.europesays.com\/se\/91490\/","title":{"rendered":"EU m\u00e5ste visa ledarskap f\u00f6r att s\u00e4kerst\u00e4lla fred f\u00f6r Ukraina | Nyheter"},"content":{"rendered":"<p class=\"ep-wysiwig_paragraph\">Efter den amerikanska regeringens senaste initiativ f\u00f6r att f\u00e5 slut p\u00e5 kriget i Ukraina antog Europaparlamentet en resolution med 401 r\u00f6ster f\u00f6r, 70 r\u00f6ster emot och 90 nedlagda r\u00f6ster. Texten uppmanar EU och medlemsl\u00e4nderna att visa ledarskap vid denna avg\u00f6rande geopolitiska tidpunkt och forts\u00e4tta att samarbeta med USA och likasinnade partner f\u00f6r att s\u00e4kerst\u00e4lla att f\u00f6rhandlingar om en r\u00e4ttvis och varaktig fred f\u00f6r Ukraina bygger p\u00e5 folkr\u00e4ttsliga principer. Parlamentet framh\u00e5ller att ett avtal om h\u00e5llbar fred m\u00e5ste f\u00f6reg\u00e5s av ett effektivt eldupph\u00f6r och st\u00f6djas av robusta s\u00e4kerhetsgarantier fr\u00e5n EU och USA till Ukraina &#8211; motsvarande den niv\u00e5 som fastst\u00e4lls i artikel 5 i Washingtonf\u00f6rdraget och i artikel 42.7 i EU-f\u00f6rdraget &#8211; som f\u00f6rhindrar, avskr\u00e4cker och omedelbart hejdar eventuella nya angrepp.<\/p>\n<p class=\"ep-wysiwig_paragraph\">Ledam\u00f6terna understryker ocks\u00e5 att EU och dess medlemsl\u00e4nder inte kommer att juridiskt erk\u00e4nna de tillf\u00e4lligt ockuperade ukrainska territorierna som ryska territorier. Texten betonar behovet av europeiskt engagemang i alla fredsf\u00f6rhandlingar, eftersom utg\u00e5ngen av kriget i Ukraina kommer att f\u00e5 en djupg\u00e5ende inverkan p\u00e5 hela den europeiska s\u00e4kerhetsordningen. Inget som g\u00e4ller Ukraina b\u00f6r beslutas utan Ukraina och inget som g\u00e4ller Europa utan Europa, lyder resolutionen.<\/p>\n<p class=\"ep-wysiwig_paragraph\"><strong>Washingtons politiska ambivalens gentemot Ukraina \u00e4r skadlig f\u00f6r m\u00e5let att uppn\u00e5 h\u00e5llbar fred<\/strong><\/p>\n<p class=\"ep-wysiwig_paragraph\">Europaparlamentet noterar den amerikanska administrationens insatser f\u00f6r att f\u00e5 ett slut p\u00e5 Rysslands anfallskrig mot Ukraina, men anser att USA:s politiska ambivalens gentemot Ukraina \u00e4r skadlig f\u00f6r m\u00e5let att uppn\u00e5 h\u00e5llbar fred. Ledam\u00f6terna betonar ocks\u00e5 att inget fredsavtal f\u00e5r begr\u00e4nsa Ukrainas f\u00f6rm\u00e5ga att f\u00f6rsvara sin suver\u00e4nitet, sitt oberoende och sin territoriella integritet. De bekr\u00e4ftar att Ukraina har frihet att v\u00e4lja sina s\u00e4kerhetsallianser och politiska allianser utan n\u00e5got ryskt veto.<\/p>\n<p class=\"ep-wysiwig_paragraph\"><strong>\u201dSkadest\u00e5ndsl\u00e5n\u201d till Ukraina, med st\u00f6d av de frysta ryska tillg\u00e5ngarna<\/strong><\/p>\n<p class=\"ep-wysiwig_paragraph\">Resolutionen understryker ocks\u00e5 att ett eventuellt fredsavtal m\u00e5ste \u00e5l\u00e4gga Ryssland att fullt ut kompensera Ukraina f\u00f6r all materiell och immateriell skada som det har orsakat. Ledam\u00f6terna uppmanar d\u00e4rf\u00f6r EU:s medlemsl\u00e4nder att utan ytterligare dr\u00f6jsm\u00e5l anta och genomf\u00f6ra ett r\u00e4ttsligt och finansiellt sunt \u201dskadest\u00e5ndsl\u00e5n\u201d till Ukraina, med st\u00f6d av de frysta ryska tillg\u00e5ngarna. Parlamentet betonar ocks\u00e5 att dessa tillg\u00e5ngars \u00f6de och investeringsvillkor inte \u00e4r en f\u00f6rhandlingsfr\u00e5ga utan EU. Europaparlamentet insisterar avslutningsvis p\u00e5 att inga sanktioner mot Ryssland kommer att h\u00e4vas innan ett fredsavtal f\u00f6rhandlats fram och verkst\u00e4llts. Ledam\u00f6terna uppmanar ocks\u00e5 EU att, f\u00f6r den h\u00e4ndelse att Ryssland v\u00e4grar att delta i seri\u00f6sa fredssamtal, utf\u00e4rda ytterligare betydande sanktioner.<\/p>\n<p class=\"ep-wysiwig_paragraph\">Resolutionen kommer att finnas tillg\u00e4nglig i sin helhet <a href=\"https:\/\/www.europarl.europa.eu\/plenary\/sv\/texts-adopted.html\" target=\"_blank\" rel=\"noopener nofollow\">h\u00e4r<\/a> (27.11.2025).<\/p>\n","protected":false},"excerpt":{"rendered":"Efter den amerikanska regeringens senaste initiativ f\u00f6r att f\u00e5 slut p\u00e5 kriget i Ukraina antog Europaparlamentet en resolution&hellip;\n","protected":false},"author":2,"featured_media":27473,"comment_status":"","ping_status":"","sticky":false,"template":"","format":"standard","meta":{"footnotes":""},"categories":[14],"tags":[22,23,3162,26,27,17,21,24,25,28,29,15,16,9976,3126,18,34,31,33,32,30,19,20,51,52,53,54],"class_list":{"0":"post-91490","1":"post","2":"type-post","3":"status-publish","4":"format-standard","5":"has-post-thumbnail","7":"category-varlden","8":"tag-breaking-news","9":"tag-breakingnews","10":"tag-comafet","11":"tag-featured-news","12":"tag-featurednews","13":"tag-headlines","14":"tag-huvudnyheter","15":"tag-latest-news","16":"tag-latestnews","17":"tag-main-news","18":"tag-mainnews","19":"tag-news","20":"tag-nyheter","21":"tag-plenarydate24-11-2025","22":"tag-producttypepress_release","23":"tag-rubriker","24":"tag-se","25":"tag-svenska","26":"tag-sverige","27":"tag-sweden","28":"tag-swedish","29":"tag-top-stories","30":"tag-topstories","31":"tag-varlden","32":"tag-world","33":"tag-world-news","34":"tag-worldnews"},"share_on_mastodon":{"url":"https:\/\/pubeurope.com\/@se\/115623092770078997","error":""},"_links":{"self":[{"href":"https:\/\/www.europesays.com\/se\/wp-json\/wp\/v2\/posts\/91490","targetHints":{"allow":["GET"]}}],"collection":[{"href":"https:\/\/www.europesays.com\/se\/wp-json\/wp\/v2\/posts"}],"about":[{"href":"https:\/\/www.europesays.com\/se\/wp-json\/wp\/v2\/types\/post"}],"author":[{"embeddable":true,"href":"https:\/\/www.europesays.com\/se\/wp-json\/wp\/v2\/users\/2"}],"replies":[{"embeddable":true,"href":"https:\/\/www.europesays.com\/se\/wp-json\/wp\/v2\/comments?post=91490"}],"version-history":[{"count":0,"href":"https:\/\/www.europesays.com\/se\/wp-json\/wp\/v2\/posts\/91490\/revisions"}],"wp:featuredmedia":[{"embeddable":true,"href":"https:\/\/www.europesays.com\/se\/wp-json\/wp\/v2\/media\/27473"}],"wp:attachment":[{"href":"https:\/\/www.europesays.com\/se\/wp-json\/wp\/v2\/media?parent=91490"}],"wp:term":[{"taxonomy":"category","embeddable":true,"href":"https:\/\/www.europesays.com\/se\/wp-json\/wp\/v2\/categories?post=91490"},{"taxonomy":"post_tag","embeddable":true,"href":"https:\/\/www.europesays.com\/se\/wp-json\/wp\/v2\/tags?post=91490"}],"curies":[{"name":"wp","href":"https:\/\/api.w.org\/{rel}","templated":true}]}}