{"id":91495,"date":"2025-11-27T18:38:16","date_gmt":"2025-11-27T18:38:16","guid":{"rendered":"https:\/\/www.europesays.com\/se\/91495\/"},"modified":"2025-11-27T18:38:16","modified_gmt":"2025-11-27T18:38:16","slug":"han-blir-ny-generaldirektor-for-finansinspektionen","status":"publish","type":"post","link":"https:\/\/www.europesays.com\/se\/91495\/","title":{"rendered":"Han blir ny generaldirekt\u00f6r f\u00f6r Finansinspektionen"},"content":{"rendered":"<p class=\"font-sans text-base text-text-main dark:text-text-main-dark font-normal leading-[1.4]\"> Han tilltr\u00e4der sin anst\u00e4llning den 1 december 2025.<\/p>\n<p class=\"font-sans text-base text-text-main dark:text-text-main-dark font-normal leading-[1.4]\">Det framg\u00e5r av ett pressmeddelande.<\/p>\n<p class=\"font-sans text-base text-text-main dark:text-text-main-dark font-normal leading-[1.4]\">Anst\u00e4llningen g\u00e4ller i sex \u00e5r fram till den 30 november 2031.<\/p>\n<p class=\"font-sans text-base text-text-main dark:text-text-main-dark font-normal leading-[1.4]\">Johan Almenberg har en l\u00e5ng och gedigen erfarenhet av finansmarknadsfr\u00e5gor och har tj\u00e4nstgjort vid Riksbanken, Konjunkturinstitutet och Finansinspektionen. Johan Almenberg \u00e4r docent i nationalekonomi och \u00e4r sedan 2022 statssekreterare i Finansdepartementet.<\/p>\n<p class=\"font-sans text-base text-text-main dark:text-text-main-dark font-normal leading-[1.4]\">I april meddelades att Finansinspektionens tidigare generaldirekt\u00f6r Daniel Barr l\u00e4mnar sin post och i st\u00e4llet blir generaldirekt\u00f6r i Regeringskansliet.<\/p>\n","protected":false},"excerpt":{"rendered":"Han tilltr\u00e4der sin anst\u00e4llning den 1 december 2025. Det framg\u00e5r av ett pressmeddelande. Anst\u00e4llningen g\u00e4ller i sex \u00e5r&hellip;\n","protected":false},"author":2,"featured_media":91496,"comment_status":"","ping_status":"","sticky":false,"template":"","format":"standard","meta":{"footnotes":""},"categories":[65],"tags":[72,70,71,5613,34,31,33,32,30],"class_list":{"0":"post-91495","1":"post","2":"type-post","3":"status-publish","4":"format-standard","5":"has-post-thumbnail","7":"category-ekonomi","8":"tag-business","9":"tag-economy","10":"tag-ekonomi","11":"tag-finansinspektionen","12":"tag-se","13":"tag-svenska","14":"tag-sverige","15":"tag-sweden","16":"tag-swedish"},"share_on_mastodon":{"url":"https:\/\/pubeurope.com\/@se\/115623120272967166","error":""},"_links":{"self":[{"href":"https:\/\/www.europesays.com\/se\/wp-json\/wp\/v2\/posts\/91495","targetHints":{"allow":["GET"]}}],"collection":[{"href":"https:\/\/www.europesays.com\/se\/wp-json\/wp\/v2\/posts"}],"about":[{"href":"https:\/\/www.europesays.com\/se\/wp-json\/wp\/v2\/types\/post"}],"author":[{"embeddable":true,"href":"https:\/\/www.europesays.com\/se\/wp-json\/wp\/v2\/users\/2"}],"replies":[{"embeddable":true,"href":"https:\/\/www.europesays.com\/se\/wp-json\/wp\/v2\/comments?post=91495"}],"version-history":[{"count":0,"href":"https:\/\/www.europesays.com\/se\/wp-json\/wp\/v2\/posts\/91495\/revisions"}],"wp:featuredmedia":[{"embeddable":true,"href":"https:\/\/www.europesays.com\/se\/wp-json\/wp\/v2\/media\/91496"}],"wp:attachment":[{"href":"https:\/\/www.europesays.com\/se\/wp-json\/wp\/v2\/media?parent=91495"}],"wp:term":[{"taxonomy":"category","embeddable":true,"href":"https:\/\/www.europesays.com\/se\/wp-json\/wp\/v2\/categories?post=91495"},{"taxonomy":"post_tag","embeddable":true,"href":"https:\/\/www.europesays.com\/se\/wp-json\/wp\/v2\/tags?post=91495"}],"curies":[{"name":"wp","href":"https:\/\/api.w.org\/{rel}","templated":true}]}}