{"id":91512,"date":"2025-11-27T18:57:26","date_gmt":"2025-11-27T18:57:26","guid":{"rendered":"https:\/\/www.europesays.com\/se\/91512\/"},"modified":"2025-11-27T18:57:26","modified_gmt":"2025-11-27T18:57:26","slug":"de-har-produkterna-blev-dyrare-innan-black-friday-rabatterna-inrikes","status":"publish","type":"post","link":"https:\/\/www.europesays.com\/se\/91512\/","title":{"rendered":"De h\u00e4r produkterna blev dyrare innan Black Friday-rabatterna | Inrikes"},"content":{"rendered":"<p class=\"aw-1gybjub aw-5vja16 kEtdKx kmuxyA yle__article__paragraph\">Vi listar produkter d\u00e4r priss\u00e4ttningen p\u00e5 Black Friday kan vara vilseledande. F\u00f6rs\u00e4ljare av hemelektronik s\u00e4ger att konsumenterna inte blir vilseledda.<\/p>\n<p><img decoding=\"async\" alt=\"Reklamskyltar som det st\u00e5r &quot;Black Sale&quot; p\u00e5 i skyltf\u00f6nster. \" src=\"https:\/\/www.europesays.com\/se\/wp-content\/uploads\/2025\/11\/39-1557608692052cab6af5.jpeg\" class=\"aw-1l9m598 hKVVvP\"\/><\/p>\n<p>\u00d6ppna bildvisare<\/p>\n<p>Just nu kan man se reklam f\u00f6r Black Friday-kampanjer i m\u00e5nga skyltf\u00f6nster. Bild: Petteri Sopanen \/ YleLyssna (du h\u00f6r en artificiell r\u00f6st) 3:57<\/p>\n<p>Kortversion<\/p>\n<ul class=\"aw-1jjocuh iJTSwP yle__article__list yle__article__list--ul\">\n<li class=\"aw-1j7gwms gNYKfi\">Vissa butiker h\u00f6jer medvetet sina priser innan Black Friday-kampanjer f\u00f6r att f\u00e5 rabatterna att se st\u00f6rre ut.<\/li>\n<li class=\"aw-1j7gwms gNYKfi\">Priserna kan h\u00f6jas mer \u00e4n 30 dagar f\u00f6re rean. Enligt lagen m\u00e5ste man meddela om det l\u00e4sta priset p\u00e5 produkten under de senaste 30 dagarna.<\/li>\n<li class=\"aw-1j7gwms gNYKfi\">Enligt Konkurrens- och konsumentverket kan det h\u00e4r vara vilseledande.<\/li>\n<li class=\"aw-1j7gwms gNYKfi\">Butiker motiverar sv\u00e4ngningar i priserna med h\u00e5rd konkurrens.<\/li>\n<\/ul>\n<p class=\"aw-1gybjub aw-1p7kakr kEtdKx cEmitX yle__article__paragraph\">Sammanfattningen \u00e4r gjord med st\u00f6d av AI och har granskats av en journalist.<\/p>\n<p class=\"aw-1gybjub aw-1p7kakr kEtdKx cEmitX yle__article__paragraph\">Enligt Yles uppgifter finns det flera produkter som ing\u00e5r i Black Friday-rabatterna vars priser medvetet h\u00f6jts tidigare f\u00f6r att reorna ska se extralockande ut.<\/p>\n<p class=\"aw-1gybjub aw-1p7kakr kEtdKx cEmitX yle__article__paragraph\">Prisj\u00e4mf\u00f6relsestj\u00e4nsten Hintaopas j\u00e4mf\u00f6rde priser p\u00e5 produkter f\u00f6re och under Black Friday-rabatterna och m\u00e4rkte en del \u201dfejkrabatter\u201d.<\/p>\n<p class=\"aw-1gybjub aw-1p7kakr kEtdKx cEmitX yle__article__paragraph\">Grafiken nedan visar hur vissa butiker har h\u00f6jt priserna mer \u00e4n 30 dagar innan Black Friday f\u00f6r att kunna g\u00f6ra reklam f\u00f6r stora reor.<\/p>\n<p class=\"aw-1gybjub aw-1p7kakr kEtdKx cEmitX yle__article__paragraph\">Till exempel har priset p\u00e5 en h\u00f6gtalare fr\u00e5n JBL h\u00f6jts f\u00f6r att sedan s\u00e4nkas till det tidigare priset i Black Friday-kampanjen. F\u00f6r konsumenten ser det ut som om produkten har en rabatt p\u00e5 60 procent.<\/p>\n<p class=\"aw-1gybjub aw-1p7kakr kEtdKx cEmitX yle__article__paragraph\">I januari 2023 tr\u00e4dde en regel i kraft som kr\u00e4ver att butiker anger det l\u00e4gsta pris som varan haft under de 30 dagarna f\u00f6re en priss\u00e4nkning.<\/p>\n<p class=\"aw-1gybjub aw-1p7kakr kEtdKx cEmitX yle__article__paragraph\">Enligt regeln ska butikerna ocks\u00e5 ber\u00e4kna rabattprocenten eller rabattens storlek utifr\u00e5n det l\u00e4gsta priset. Det h\u00e4r g\u00e4ller inte f\u00f6r livsmedel som snabbt blir d\u00e5liga.<\/p>\n<p class=\"aw-1gybjub aw-1p7kakr kEtdKx cEmitX yle__article__paragraph\">Tanken \u00e4r att konsumenten ska kunna se om det faktiskt handlar om en stor rabatt p\u00e5 produkten eller om det gick att k\u00f6pa den billigare bara n\u00e5gra veckor tidigare.<\/p>\n<p class=\"aw-1gybjub aw-1p7kakr kEtdKx cEmitX yle__article__paragraph\">Konkurrens- och konsumentverkets expert <strong class=\"aw-ak79eh KyCXm yle__article__strong\">Saija Kivim\u00e4ki<\/strong> s\u00e4ger att syftet med regeln \u00e4r att f\u00f6rhindra konstgjorda prish\u00f6jningar som g\u00f6r att rabatterna verkar st\u00f6rre \u00e4n de \u00e4r.<\/p>\n<p class=\"aw-1gybjub aw-1p7kakr kEtdKx cEmitX yle__article__paragraph\">Priset kan allts\u00e5 h\u00f6jas 31 dagar innan kampanjen b\u00f6rjar.<\/p>\n<p class=\"aw-1gybjub aw-1p7kakr kEtdKx cEmitX yle__article__paragraph\">\u2013 Om rabattkampanjer och prish\u00f6jningar \u00e5terkommer mycket ofta kan det \u00e4nd\u00e5 vara vilseledande, s\u00e4ger Kivim\u00e4ki.<\/p>\n<p class=\"aw-1gybjub aw-1p7kakr kEtdKx cEmitX yle__article__paragraph\"><strong class=\"aw-ak79eh KyCXm yle__article__strong\">Om vi bortser fr\u00e5n lagen, kan man \u00e4nd\u00e5 s\u00e4ga att konsumenten vilseleds om priset h\u00f6js mer \u00e4n en m\u00e5nad f\u00f6re kampanjen f\u00f6r att ge intryck av en stor rabatt?<\/strong><\/p>\n<p class=\"aw-1gybjub aw-1p7kakr kEtdKx cEmitX yle__article__paragraph\">\u2013 Jag ser det inte n\u00f6dv\u00e4ndigtvis s\u00e5. Konsumenter kan uppleva prish\u00f6jningar som misst\u00e4nksamma, men det \u00e4r inte olagligt att h\u00f6ja priset s\u00e5 l\u00e4nge regeln om l\u00e4gsta pris f\u00f6ljs.<\/p>\n<p class=\"aw-1gybjub aw-1p7kakr kEtdKx cEmitX yle__article__paragraph\">Det \u00e4r bra f\u00f6r konsumenter att f\u00f6rst\u00e5 f\u00f6retagens priss\u00e4ttningstekniker, s\u00e4ger Kivim\u00e4ki. Om man k\u00e4nner sig f\u00f6rvirrad \u00e4r det bra att kontakta f\u00f6retaget. Ol\u00e4mplig marknadsf\u00f6ring kan ocks\u00e5 anm\u00e4las till Konsumentombudsmannen.<\/p>\n<p class=\"aw-1gybjub aw-1p7kakr kEtdKx cEmitX yle__article__paragraph\">Kivim\u00e4ki po\u00e4ngterar att konsumenten ocks\u00e5 kan v\u00e4lja ett annat f\u00f6retag som inte k\u00f6rt p\u00e5 samma taktik.<\/p>\n<p>Sv\u00e4ngningar i priserna p\u00e5 hemelektronik<\/p>\n<p class=\"aw-1gybjub aw-1p7kakr kEtdKx cEmitX yle__article__paragraph\">Black Friday \u00e4r \u00e5rets st\u00f6rsta kampanj f\u00f6r f\u00f6retag som s\u00e4ljer hemelektronik. Giganttis f\u00f6rs\u00e4ljningschef <strong class=\"aw-ak79eh KyCXm yle__article__strong\">Pasi Puputti<\/strong> s\u00e4ger att priset p\u00e5 olika produkter varierar och att det ofta f\u00f6rekommer kampanjer.<\/p>\n<p class=\"aw-1gybjub aw-1p7kakr kEtdKx cEmitX yle__article__paragraph\">\u2013 N\u00e4r det g\u00e4ller priss\u00e4ttningen \u00e4r branschen transparent och kampanjdriven, priserna lever kraftigt.<\/p>\n<p class=\"aw-1gybjub aw-1p7kakr kEtdKx cEmitX yle__article__paragraph\">Till exempel kan produkter som s\u00e4ljs p\u00e5 rea i september \u00e5terg\u00e5 till normalpris i oktober f\u00f6r att sedan s\u00e4ljas p\u00e5 rea i november igen, s\u00e4ger han.<\/p>\n<p class=\"aw-1gybjub aw-1p7kakr kEtdKx cEmitX yle__article__paragraph\">\u00c4ndringen av konsumentskyddslagen var v\u00e4lkommen.<\/p>\n<p class=\"aw-1gybjub aw-1p7kakr kEtdKx cEmitX yle__article__paragraph\">\u2013 Den gamla v\u00e4rlden var inte enhetlig. Man f\u00f6rs\u00f6ker inte vilseleda konsumenten, s\u00e4ger Puputti.<\/p>\n<p class=\"aw-1gybjub aw-1p7kakr kEtdKx cEmitX yle__article__paragraph\">Powers f\u00f6rs\u00e4ljningschef <strong class=\"aw-ak79eh KyCXm yle__article__strong\">Ville Laakso<\/strong> lovar samma sak. En produkt som \u00e4r p\u00e5 rea under Black Friday kan ha ing\u00e5tt i en kampanj tidigare. Dessutom g\u00e5r en del av produkterna att hitta hos flera olika \u00e5terf\u00f6rs\u00e4ljare.<\/p>\n<p class=\"aw-1gybjub aw-1p7kakr kEtdKx cEmitX yle__article__paragraph\">\u2013 Det h\u00e4r leder till dynamisk priss\u00e4ttning, d\u00e4r priserna lever dagligen b\u00e5de enligt konkurrenssituationen och enligt kampanjer som man kommit \u00f6verens om med tillverkare, s\u00e4ger Laakso.<\/p>\n<p class=\"aw-1gybjub aw-1p7kakr kEtdKx cEmitX yle__article__paragraph\">Konkurrensen i branschen \u00e4r h\u00e5rd och konsumenterna j\u00e4mf\u00f6r flitigt produkter och deras priser.<\/p>\n<p class=\"aw-1gybjub aw-1p7kakr kEtdKx cEmitX yle__article__paragraph\">\u2013 Man konkurrerar h\u00e5rt om priss\u00e4ttningen, inte s\u00e5 mycket om rabatterna, s\u00e4ger Laakso.<\/p>\n<p class=\"aw-1gybjub aw-1p7kakr kEtdKx cEmitX yle__article__paragraph\">Artikeln \u00e4r en \u00f6vers\u00e4ttning av Yles artikel <a class=\"aw-iao6s4 iHOxEa yle__article__link\" href=\"https:\/\/yle.fi\/a\/74-20196124\" role=\"link\" rel=\"nofollow noopener\" target=\"_blank\">Kaupat nostivat n\u00e4iden tuotteiden hintaa ennen Black Friday -alennuksia<\/a>. \u00d6vers\u00e4ttning: <strong class=\"aw-ak79eh KyCXm yle__article__strong\">Milena Hackman<\/strong>.<\/p>\n<p class=\"aw-1gybjub aw-1p7kakr kEtdKx cEmitX yle__article__paragraph\"><strong class=\"aw-ak79eh KyCXm yle__article__strong\">Har du st\u00f6tt p\u00e5 falska reor i Black Friday-kampanjer? Kommentera!<\/strong><\/p>\n","protected":false},"excerpt":{"rendered":"Vi listar produkter d\u00e4r priss\u00e4ttningen p\u00e5 Black Friday kan vara vilseledande. F\u00f6rs\u00e4ljare av hemelektronik s\u00e4ger att konsumenterna inte&hellip;\n","protected":false},"author":2,"featured_media":91513,"comment_status":"","ping_status":"","sticky":false,"template":"","format":"standard","meta":{"footnotes":""},"categories":[5],"tags":[10515,6647,22,23,71,26,27,684,17,21,683,6985,10516,24,25,28,29,15,16,10512,10208,10513,2306,10514,18,34,6855,31,33,32,30,19,20],"class_list":{"0":"post-91512","1":"post","2":"type-post","3":"status-publish","4":"format-standard","5":"has-post-thumbnail","7":"category-rubriker","8":"tag-affarsverksamhet","9":"tag-black-friday","10":"tag-breaking-news","11":"tag-breakingnews","12":"tag-ekonomi","13":"tag-featured-news","14":"tag-featurednews","15":"tag-finland","16":"tag-headlines","17":"tag-huvudnyheter","18":"tag-inrikes","19":"tag-konkurrens-och-konsumentverket","20":"tag-konsumtionsvaror","21":"tag-latest-news","22":"tag-latestnews","23":"tag-main-news","24":"tag-mainnews","25":"tag-news","26":"tag-nyheter","27":"tag-priser","28":"tag-prishojning","29":"tag-prissankning","30":"tag-prissattning","31":"tag-produkter","32":"tag-rubriker","33":"tag-se","34":"tag-shopping","35":"tag-svenska","36":"tag-sverige","37":"tag-sweden","38":"tag-swedish","39":"tag-top-stories","40":"tag-topstories"},"share_on_mastodon":{"url":"https:\/\/pubeurope.com\/@se\/115623195119912492","error":""},"_links":{"self":[{"href":"https:\/\/www.europesays.com\/se\/wp-json\/wp\/v2\/posts\/91512","targetHints":{"allow":["GET"]}}],"collection":[{"href":"https:\/\/www.europesays.com\/se\/wp-json\/wp\/v2\/posts"}],"about":[{"href":"https:\/\/www.europesays.com\/se\/wp-json\/wp\/v2\/types\/post"}],"author":[{"embeddable":true,"href":"https:\/\/www.europesays.com\/se\/wp-json\/wp\/v2\/users\/2"}],"replies":[{"embeddable":true,"href":"https:\/\/www.europesays.com\/se\/wp-json\/wp\/v2\/comments?post=91512"}],"version-history":[{"count":0,"href":"https:\/\/www.europesays.com\/se\/wp-json\/wp\/v2\/posts\/91512\/revisions"}],"wp:featuredmedia":[{"embeddable":true,"href":"https:\/\/www.europesays.com\/se\/wp-json\/wp\/v2\/media\/91513"}],"wp:attachment":[{"href":"https:\/\/www.europesays.com\/se\/wp-json\/wp\/v2\/media?parent=91512"}],"wp:term":[{"taxonomy":"category","embeddable":true,"href":"https:\/\/www.europesays.com\/se\/wp-json\/wp\/v2\/categories?post=91512"},{"taxonomy":"post_tag","embeddable":true,"href":"https:\/\/www.europesays.com\/se\/wp-json\/wp\/v2\/tags?post=91512"}],"curies":[{"name":"wp","href":"https:\/\/api.w.org\/{rel}","templated":true}]}}