{"id":91528,"date":"2025-11-27T19:19:13","date_gmt":"2025-11-27T19:19:13","guid":{"rendered":"https:\/\/www.europesays.com\/se\/91528\/"},"modified":"2025-11-27T19:19:13","modified_gmt":"2025-11-27T19:19:13","slug":"cyberpunk-2077-nar-stor-milstolpe-och-gar-om-the-witcher-3-wild-hunt-i-forsaljning","status":"publish","type":"post","link":"https:\/\/www.europesays.com\/se\/91528\/","title":{"rendered":"Cyberpunk 2077 n\u00e5r stor milstolpe och g\u00e5r om The Witcher 3: Wild Hunt i f\u00f6rs\u00e4ljning"},"content":{"rendered":"<ul id=\"b42fdc3a-3590-4121-854d-6108f1e46be0\">\n<li><strong>Cyberpunk 2077 har nu s\u00e5lt 35 miljoner exemplar, bekr\u00e4ftar CD Projekt Red<\/strong><\/li>\n<li><strong>Studion s\u00e4ger att spelet n\u00e5dde milstolpen snabbare \u00e4n The Witcher 3: Wild Hunt<\/strong><\/li>\n<li><strong>CD Projekt Red uppger att Cyberpunk 2077 nu \u00e4r studions \u201dhuvudsakliga int\u00e4ktsk\u00e4lla\u201d<\/strong><\/li>\n<\/ul>\n<p id=\"ca781924-e964-4b37-90d9-3f703f19890f\">CD Projekt Red har i sina senaste finansiella resultat f\u00f6r Q3 2025 meddelat att Cyberpunk 2077 nu har s\u00e5lt 35 miljoner exemplar sedan lanseringen 2020. Studions finanschef Piotr Nielubowicz bekr\u00e4ftade samtidigt att spelet n\u00e5dde denna niv\u00e5 snabbare \u00e4n <a data-analytics-id=\"inline-link\" href=\"https:\/\/global.techradar.com\/sv-se\/tag\/the-witcher\" data-auto-tag-linker=\"true\" data-url=\"https:\/\/global.techradar.com\/sv-se\/tag\/the-witcher\" data-hl-processed=\"none\" data-mrf-recirculation=\"inline-link\" data-before-rewrite-localise=\"https:\/\/global.techradar.com\/sv-se\/tag\/the-witcher\" rel=\"nofollow noopener\" target=\"_blank\">The Witcher<\/a> 3: Wild Hunt.<\/p>\n<p>&#8221;Spelare har redan k\u00f6pt \u00f6ver 35 miljoner exemplar av Cyberpunk 2077. Det \u00e4r ett b\u00e4ttre resultat \u00e4n vad The Witcher 3 uppn\u00e5dde under samma tidsperiod efter lanseringen,&#8221; s\u00e4ger Nielubowicz i den tillh\u00f6rande videon.<\/p>\n<p><a id=\"elk-seasonal\" class=\"paywall\" aria-hidden=\"true\" data-url=\"\" href=\"\" target=\"_blank\" referrerpolicy=\"no-referrer-when-downgrade\" data-hl-processed=\"none\"\/><\/p>\n<p id=\"ca781924-e964-4b37-90d9-3f703f19890f-2\">I samband med detta bekr\u00e4ftade finanschefen ocks\u00e5 att Cyberpunk 2077 nu \u00e4r studions huvudsakliga int\u00e4ktsk\u00e4lla, i takt med att tillg\u00e4ngligheten forts\u00e4tter att breddas. Tidigare i \u00e5r sl\u00e4pptes spelet till Nintendo Switch 2 som Cyberpunk 2077: Ultimate Edition, f\u00f6ljt av en lansering p\u00e5 Mac, innan det d\u00e4refter blev tillg\u00e4ngligt via <a data-analytics-id=\"inline-link\" href=\"https:\/\/global.techradar.com\/sv-se\/tag\/ps-plus\" data-auto-tag-linker=\"true\" data-url=\"https:\/\/global.techradar.com\/sv-se\/tag\/ps-plus\" data-hl-processed=\"none\" data-mrf-recirculation=\"inline-link\" data-before-rewrite-localise=\"https:\/\/global.techradar.com\/sv-se\/tag\/ps-plus\" rel=\"nofollow noopener\" target=\"_blank\">PlayStation Plus<\/a>.<\/p>\n<p>Du kanske gillar<\/p>\n<p>De nya plattformarna, tillsammans med till\u00e4gget Phantom Liberty som ing\u00e5r i Ultimate Edition, kan ha bidragit till ett tydligt f\u00f6rs\u00e4ljningslyft.<\/p>\n<p>[PL\/EN] Grupa CD PROJEKT &#8211; wyniki finansowe za III kwarta\u0142 2025 r. | KOMENTARZ &#8211; YouTube<br \/>\n<img decoding=\"async\" src=\"https:\/\/www.europesays.com\/se\/wp-content\/uploads\/2025\/11\/1764271153_874_maxresdefault.jpg\" alt=\"[PL\/EN] Grupa CD PROJEKT - wyniki finansowe za III kwarta\u0142 2025 r. | KOMENTARZ - YouTube\" data-aspect-ratio=\"16\/9\" loading=\"lazy\"\/><\/p>\n<p><a class=\"watch-on-youtube-z0ENiOGmcic\" href=\"https:\/\/youtu.be\/z0ENiOGmcic\" target=\"_blank\" data-url=\"https:\/\/youtu.be\/z0ENiOGmcic\" referrerpolicy=\"no-referrer-when-downgrade\" data-hl-processed=\"none\" rel=\"nofollow noopener\">Watch On <\/a><\/p>\n<p id=\"61ba5c66-3a75-49b7-821f-ba8770d9d193\">CDPR bekr\u00e4ftade \u00e4ven att bolaget nu l\u00e4gger grunden f\u00f6r Cyberpunk 2, och att teamen i Boston, Warszawa och Vancouver skalas upp fram till slutet av 2027. Den 31 oktober 2025 arbetade 135 anst\u00e4llda med uppf\u00f6ljaren, vilket \u00e4r en \u00f6kning fr\u00e5n 116 personer i juli 2025.<\/p>\n<p>Samtidigt visar genomg\u00e5ngen av siffrorna att majoriteten av CDPR:s personal fortfarande arbetar med The Witcher 4. Totalt 447 personer var knutna till projektet den 31 oktober 2025.<\/p>\n<p>Det finns \u00e4nnu inget lanseringsdatum f\u00f6r vare sig Cyberpunk 2 eller The Witcher 4, men n\u00e4sta Witcher-spel v\u00e4ntas sl\u00e4ppas f\u00f6rst. CDPR har tidigare antytt att en lansering knappast sker f\u00f6re 2027.<\/p>\n<p class=\"newsletter-form__strapline\">Registrera dig f\u00f6r senaste nyheter, recensioner, \u00e5sikter, toppteknologiska erbjudanden och mer.<\/p>\n","protected":false},"excerpt":{"rendered":"Cyberpunk 2077 har nu s\u00e5lt 35 miljoner exemplar, bekr\u00e4ftar CD Projekt Red Studion s\u00e4ger att spelet n\u00e5dde milstolpen&hellip;\n","protected":false},"author":2,"featured_media":91529,"comment_status":"","ping_status":"","sticky":false,"template":"","format":"standard","meta":{"footnotes":""},"categories":[66],"tags":[80,78,79,34,31,33,32,30,81,84,83,82],"class_list":{"0":"post-91528","1":"post","2":"type-post","3":"status-publish","4":"format-standard","5":"has-post-thumbnail","7":"category-vetenskap-och-teknik","8":"tag-science","9":"tag-science-and-technology","10":"tag-scienceandtechnology","11":"tag-se","12":"tag-svenska","13":"tag-sverige","14":"tag-sweden","15":"tag-swedish","16":"tag-technology","17":"tag-teknik","18":"tag-vetenskap","19":"tag-vetenskapteknik"},"share_on_mastodon":{"url":"https:\/\/pubeurope.com\/@se\/115623281719959943","error":""},"_links":{"self":[{"href":"https:\/\/www.europesays.com\/se\/wp-json\/wp\/v2\/posts\/91528","targetHints":{"allow":["GET"]}}],"collection":[{"href":"https:\/\/www.europesays.com\/se\/wp-json\/wp\/v2\/posts"}],"about":[{"href":"https:\/\/www.europesays.com\/se\/wp-json\/wp\/v2\/types\/post"}],"author":[{"embeddable":true,"href":"https:\/\/www.europesays.com\/se\/wp-json\/wp\/v2\/users\/2"}],"replies":[{"embeddable":true,"href":"https:\/\/www.europesays.com\/se\/wp-json\/wp\/v2\/comments?post=91528"}],"version-history":[{"count":0,"href":"https:\/\/www.europesays.com\/se\/wp-json\/wp\/v2\/posts\/91528\/revisions"}],"wp:featuredmedia":[{"embeddable":true,"href":"https:\/\/www.europesays.com\/se\/wp-json\/wp\/v2\/media\/91529"}],"wp:attachment":[{"href":"https:\/\/www.europesays.com\/se\/wp-json\/wp\/v2\/media?parent=91528"}],"wp:term":[{"taxonomy":"category","embeddable":true,"href":"https:\/\/www.europesays.com\/se\/wp-json\/wp\/v2\/categories?post=91528"},{"taxonomy":"post_tag","embeddable":true,"href":"https:\/\/www.europesays.com\/se\/wp-json\/wp\/v2\/tags?post=91528"}],"curies":[{"name":"wp","href":"https:\/\/api.w.org\/{rel}","templated":true}]}}