{"id":91534,"date":"2025-11-27T19:29:08","date_gmt":"2025-11-27T19:29:08","guid":{"rendered":"https:\/\/www.europesays.com\/se\/91534\/"},"modified":"2025-11-27T19:29:08","modified_gmt":"2025-11-27T19:29:08","slug":"flicka-till-sjukhus-efter-olycka-med-elsparkcykel","status":"publish","type":"post","link":"https:\/\/www.europesays.com\/se\/91534\/","title":{"rendered":"Flicka till sjukhus efter olycka med elsparkcykel"},"content":{"rendered":"<p>share-arrowDela<\/p>\n<p>unsaveSpara<\/p>\n<p>expand-left<\/p>\n<p>helsk\u00e4rm<img decoding=\"async\" class=\"image-asset hyperion-css-u06ts1\" data-test-tag=\"image-asset\" src=\"https:\/\/www.europesays.com\/se\/wp-content\/uploads\/2025\/11\/3acc045b-e14f-46fb-8509-a79168ade7c5\"  alt=\"Oyckan utreds av polisen. Arkivbild.\"  loading=\"eager\" fetchpriority=\"high\" style=\"aspect-ratio:1900 \/ 1267\"\/>Oyckan utreds av polisen. Arkivbild. Foto: Johan Nilsson\/TT<\/p>\n<p class=\"hyperion-css-1shl3oz\" data-test-tag=\"lead-text\">En flicka under 15 \u00e5r har f\u00f6rts till sjukhus efter att ha blivit p\u00e5k\u00f6rd av en bil i B\u00e5lsta, s\u00f6der om Uppsala.<\/p>\n<p class=\"hyperion-css-1v9qo5x\">Flickan f\u00e4rdades p\u00e5 elsparkcykel d\u00e5 olyckan intr\u00e4ffade.<\/p>\n<p class=\"hyperion-css-1v9qo5x\">\u2013 Vi pratar med vittnen och f\u00f6rs\u00f6ker skapa en bild av hur olyckan g\u00e5tt till, s\u00e4ger polisens presstalesperson Magnus Jansson Klarin.<\/p>\n<p class=\"hyperion-css-1v9qo5x\">Ingen har delgivits misstanke f\u00f6r brott med anledning av olyckan, som intr\u00e4ffade p\u00e5 Stockholmsv\u00e4gen sent p\u00e5 torsdagseftermiddagen.<\/p>\n<p class=\"hyperion-css-1v9qo5x\">Det \u00e4r \u00e4nnu oklart hur illa flickan skadades.<\/p>\n","protected":false},"excerpt":{"rendered":"share-arrowDela unsaveSpara expand-left helsk\u00e4rmOyckan utreds av polisen. Arkivbild. Foto: Johan Nilsson\/TT En flicka under 15 \u00e5r har f\u00f6rts&hellip;\n","protected":false},"author":2,"featured_media":91535,"comment_status":"","ping_status":"","sticky":false,"template":"","format":"standard","meta":{"footnotes":""},"categories":[14],"tags":[22,23,26,27,17,21,24,25,28,29,15,16,18,34,31,33,32,30,19,20,51,52,53,54],"class_list":{"0":"post-91534","1":"post","2":"type-post","3":"status-publish","4":"format-standard","5":"has-post-thumbnail","7":"category-varlden","8":"tag-breaking-news","9":"tag-breakingnews","10":"tag-featured-news","11":"tag-featurednews","12":"tag-headlines","13":"tag-huvudnyheter","14":"tag-latest-news","15":"tag-latestnews","16":"tag-main-news","17":"tag-mainnews","18":"tag-news","19":"tag-nyheter","20":"tag-rubriker","21":"tag-se","22":"tag-svenska","23":"tag-sverige","24":"tag-sweden","25":"tag-swedish","26":"tag-top-stories","27":"tag-topstories","28":"tag-varlden","29":"tag-world","30":"tag-world-news","31":"tag-worldnews"},"share_on_mastodon":{"url":"https:\/\/pubeurope.com\/@se\/115623321095607510","error":""},"_links":{"self":[{"href":"https:\/\/www.europesays.com\/se\/wp-json\/wp\/v2\/posts\/91534","targetHints":{"allow":["GET"]}}],"collection":[{"href":"https:\/\/www.europesays.com\/se\/wp-json\/wp\/v2\/posts"}],"about":[{"href":"https:\/\/www.europesays.com\/se\/wp-json\/wp\/v2\/types\/post"}],"author":[{"embeddable":true,"href":"https:\/\/www.europesays.com\/se\/wp-json\/wp\/v2\/users\/2"}],"replies":[{"embeddable":true,"href":"https:\/\/www.europesays.com\/se\/wp-json\/wp\/v2\/comments?post=91534"}],"version-history":[{"count":0,"href":"https:\/\/www.europesays.com\/se\/wp-json\/wp\/v2\/posts\/91534\/revisions"}],"wp:featuredmedia":[{"embeddable":true,"href":"https:\/\/www.europesays.com\/se\/wp-json\/wp\/v2\/media\/91535"}],"wp:attachment":[{"href":"https:\/\/www.europesays.com\/se\/wp-json\/wp\/v2\/media?parent=91534"}],"wp:term":[{"taxonomy":"category","embeddable":true,"href":"https:\/\/www.europesays.com\/se\/wp-json\/wp\/v2\/categories?post=91534"},{"taxonomy":"post_tag","embeddable":true,"href":"https:\/\/www.europesays.com\/se\/wp-json\/wp\/v2\/tags?post=91534"}],"curies":[{"name":"wp","href":"https:\/\/api.w.org\/{rel}","templated":true}]}}