{"id":91558,"date":"2025-11-27T20:03:37","date_gmt":"2025-11-27T20:03:37","guid":{"rendered":"https:\/\/www.europesays.com\/se\/91558\/"},"modified":"2025-11-27T20:03:37","modified_gmt":"2025-11-27T20:03:37","slug":"sa-bevapnar-saab-varlden-experten-om-svenska-vapenexporten","status":"publish","type":"post","link":"https:\/\/www.europesays.com\/se\/91558\/","title":{"rendered":"S\u00e5 bev\u00e4pnar Saab v\u00e4rlden \u2013 experten om svenska vapenexporten"},"content":{"rendered":"<p>Publicerad 27 nov 2025 kl 20.52Uppdaterad kl 20.58<\/p>\n<p>V\u00e4rlden rustar som aldrig f\u00f6rr.<\/p>\n<p>En av huvudrollerna spelas av svenska f\u00f6rsvarsj\u00e4tten Saab \u2013 som s\u00e5lt f\u00f6r flera miljarder kronor bara i \u00e5r.<\/p>\n<p>\u2013 De skjuter inte l\u00e4ngst, ub\u00e5tarna \u00e4r inte st\u00f6rst, Gripen har en motor i st\u00e4llet f\u00f6r tv\u00e5. Men det inneb\u00e4r ocks\u00e5 l\u00e4gre styckpris \u00e4n m\u00e5nga konkurrenters system, s\u00e4ger Hans Liw\u00e5ng, professor i f\u00f6rsvarssystem p\u00e5 F\u00f6rsvarsh\u00f6gskolan.\u00a0<\/p>\n<p>Di TV ger dig de b\u00e4sta analyserna och hetaste aktietipsen.<img loading=\"lazy\"   alt=\"\"\/><\/p>\n<p>Saabs vd Micael Johansson tillsammans med kungen.<\/p>\n<p>Foto: Jonas Ekstr\u00f6mer\/TT \/ TT NYHETSBYR\u00c5N<\/p>\n<p>\u00d6ppna bild i helsk\u00e4rm<img loading=\"lazy\"   alt=\"\"\/><\/p>\n<p>Saabs vd Micael Johansson tillsammans med drottning Silvia.<\/p>\n<p>Foto: Jonas Ekstr\u00f6mer\/TT \/ TT NYHETSBYR\u00c5N<\/p>\n<p>\u00d6ppna bild i helsk\u00e4rm<\/p>\n<p>Sedan kriget i Ukraina br\u00f6t ut har stora delar av Europa rustat upp sina f\u00f6rsvar.<\/p>\n<p>Nato har f\u00e5tt tv\u00e5 nya medlemmar i Finland och Sverige, och den svenska regeringen har satsat rekordm\u00e5nga miljarder p\u00e5 f\u00f6rsvaret.<\/p>\n<p>I centrum f\u00f6r m\u00e5nga av de svenska och internationella aff\u00e4rerna st\u00e5r ett svenskt f\u00f6retag \u2013 <a href=\"https:\/\/www.expressen.se\/tagg\/organization\/saab\/\" class=\"\" rel=\"nofollow noopener\" target=\"_blank\">Saab<\/a>.<\/p>\n<p>Saabs huvudsakliga milit\u00e4ra produkter best\u00e5r av stridsflygplan, ub\u00e5tar, radarsystem och luftv\u00e4rnsystem.<\/p>\n<p><img loading=\"lazy\"   alt=\"\"\/> <\/p>\n<p>Foto: Andre Penner \/ TT NYHETSBYR\u00c5N<\/p>\n<p>\u00d6ppna bild i helsk\u00e4rm<img loading=\"lazy\"   alt=\"\"\/> <\/p>\n<p>Foto: Andre Penner \/ TT NYHETSBYR\u00c5N<\/p>\n<p>\u00d6ppna bild i helsk\u00e4rm<img loading=\"lazy\"   alt=\"\"\/> <\/p>\n<p>Foto: Sandor Ujvari \/ TT NYHETSBYR\u00c5N<\/p>\n<p>\u00d6ppna bild i helsk\u00e4rmGripen: D\u00e4rf\u00f6r \u00e4r planet attraktivt<\/p>\n<p><a href=\"https:\/\/www.expressen.se\/nyheter\/varlden\/expert-gripen-krigets-verklige-vinnare\/\" rel=\"nofollow noopener\" target=\"_blank\">I somras<\/a> anv\u00e4ndes Gripen f\u00f6r f\u00f6rsta g\u00e5ngen i en v\u00e4pnad konflikt n\u00e4r de ryckte ut i gr\u00e4nskonflikten mellan Thailand och Kambodja.<\/p>\n<p>\u2013 F\u00f6r l\u00e4nder som inte har m\u00f6jlighet eller vilja att bygga upp en j\u00e4ttestor flygvapensorganisation \u00e4r Gripen attraktivt, s\u00e4ger Hans Liw\u00e5ng, professor i f\u00f6rsvarssystem p\u00e5 F\u00f6rsvarsh\u00f6gskolan.<\/p>\n<p>\u2013 Gripen \u00e4r byggt f\u00f6r att fungera i Sverige, d\u00e4r man vill ha sm\u00e5 supportorganisationer, kunna basera p\u00e5 mindre flygf\u00e4lt och inte vara beroende av stora anl\u00e4ggningar.<\/p>\n<p><strong>Planet \u00e4r ju billigare \u00e4n de amerikanska F-35. Spelar det in?<\/strong><\/p>\n<p>\u2013 Absolut. Det g\u00f6r att l\u00e4nderna kan k\u00f6pa fler flygplan f\u00f6r samma budget, vilket \u00e4r avg\u00f6rande. Man kan inte bygga ett flygvapen p\u00e5 bara n\u00e5gra f\u00e5 plan \u2013 och med Gripen f\u00e5r man fler enheter och en mer hanterbar logistikkedja.<\/p>\n<p>I f\u00f6rra veckan var f\u00f6rsvarsminister P\u00e5l Jonsson och kungaparet p\u00e5 plats i Kanada f\u00f6r att diskutera en eventuell Gripen-aff\u00e4r. Men en s\u00e5dan skiljer sig fr\u00e5n de andra aff\u00e4rerna, enligt Liw\u00e5ng.<\/p>\n<p>\u2013 Det vore mycket imponerande om Saab lyckades sl\u00e5 ut USA p\u00e5 en s\u00e5 stor marknad, men det \u00e4r inte lika sj\u00e4lvklart som f\u00f6r de andra l\u00e4nderna. Kanadas f\u00f6rsvarsmakt \u00e4r stor och har andra f\u00f6ruts\u00e4ttningar, s\u00e4ger han.<\/p>\n<p>\u2013 Det finns inte lika tydliga motiv f\u00f6r Gripen d\u00e4r som hos de l\u00e4nder som nyss valt Gripen.<\/p>\n<p><img loading=\"lazy\"   alt=\"\"\/><\/p>\n<p>Ub\u00e5ten HMS Gotlands sj\u00f6s\u00e4ttning 2018.<\/p>\n<p>Foto: Johan Nilsson\/TT \/ TT NYHETSBYR\u00c5N<\/p>\n<p>\u00d6ppna bild i helsk\u00e4rm<img loading=\"lazy\"   alt=\"\"\/><\/p>\n<p>Enligt Reuters var Storbritanniens premi\u00e4rminister Keir Starmer en stor anledning till att valet f\u00f6ll p\u00e5 just Saab.<\/p>\n<p>Foto: CHRIS J. RATCLIFFE \/ POOL \/ EPA BLOOMBERG POOL<\/p>\n<p>\u00d6ppna bild i helsk\u00e4rmUb\u00e5tarna: \u201dDe \u00e4r nischade\u201d<\/p>\n<p>Onsdagens ub\u00e5tsaff\u00e4r med Polen, d\u00e4r inget slutgiltigt kontrakt finns \u00e4n, sticker ut i m\u00e4ngden, menar Liw\u00e5ng.<\/p>\n<p>\u2013 Saab och Sverige har l\u00e4nge sagt att de svenska ub\u00e5tarna \u00e4r gjorda f\u00f6r \u00d6stersj\u00f6n. Det har gjort dem nischade, och de har inte varit n\u00e5gon stor internationell framg\u00e5ng p\u00e5 00- och 10-talen, s\u00e4ger Liw\u00e5ng.<\/p>\n<p>\u2013 Men just nu \u00e4r det en f\u00f6rdel. Polen \u00e4r ett typiskt land d\u00e4r en ub\u00e5t anpassad f\u00f6r \u00d6stersj\u00f6n \u00e4r mycket intressant. Det finns inte m\u00e5nga ub\u00e5tsnationer i \u00d6stersj\u00f6n, s\u00e5 det \u00e4r ingen j\u00e4ttemarknad, men aff\u00e4ren \u00e4r stor eftersom produkten passar precis in i ett tydligt regionalt behov.<\/p>\n<p>Annons<\/p>\n<p><strong>Varf\u00f6r har Polen blivit en viktig partner f\u00f6r Saab?<\/strong><\/p>\n<p>\u2013 Polen \u00e4r ett av de l\u00e4nder som driver p\u00e5 upprustningen allra mest. De k\u00f6per mycket \u2013 och m\u00e5nga olika typer av system, s\u00e4ger han.\u00a0<\/p>\n<p>\u2013 F\u00f6r Sverige och Saab \u00e4r Polen dessutom n\u00e4ra b\u00e5de geografiskt och politiskt. Det finns redan starka kontakter, och b\u00e5da \u00e4r nu NATO-l\u00e4nder med fokus p\u00e5 norra Europa och \u00d6stersj\u00f6n. Polens behov liknar ofta de svenska, vilket g\u00f6r att Saabs produkter passar dem.<\/p>\n<p>Radarsystemen och spaningsplanen: \u201dSvensk radarutveckling stark\u201d<\/p>\n<p>I och med upptrappningen av dr\u00f6narkrigf\u00f6ring i Ukraina har flera l\u00e4nder satsat och rustat upp sina radarsystem.<\/p>\n<p>P\u00e5 den punkten anses Saab vara en av v\u00e4rldens b\u00e4sta leverant\u00f6rer, och de senaste \u00e5ren har flera produkter s\u00e5lts f\u00f6r miljardbelopp.<\/p>\n<p>\u2013 Svensk radarutveckling har varit stark l\u00e4nge, b\u00e5de vad g\u00e4ller forskning och teknikutveckling. M\u00e5nga stora l\u00e4nder anv\u00e4nder svenska radarer.<\/p>\n<p>B\u00e4sts\u00e4ljaren \u00e4r radarsystemet Giraffe 1X, radarstationer som anv\u00e4nds f\u00f6r luft\u00f6vervakning och luftv\u00e4rnsledning.<\/p>\n<p>\u2013 Deras artillerilokaliseringsradar har ocks\u00e5 anv\u00e4nts mycket, bland annat av Storbritannien i Afghanistan, d\u00e4r den skyddade baser mot inkommande eld, s\u00e4ger Liw\u00e5ng.<\/p>\n<p>\u2013 Det \u00e4r produkter som inte f\u00e5r lika mycket uppm\u00e4rksamhet som stridsflyg och ub\u00e5tar, men de \u00e4r mycket spridda och utg\u00f6r ett av Saabs tydliga styrkeomr\u00e5den.<\/p>\n<p><img loading=\"lazy\"   alt=\"\"\/><\/p>\n<p>P\u00e5 luftv\u00e4rnssidan har Saab efter Ukrainakrigets start f\u00e5tt igenom en rad stora exportaff\u00e4rer i Baltikum.<\/p>\n<p>Foto: Johan Nilsson \/ TT \/ TT NYHETSBYR\u00c5N<\/p>\n<p>\u00d6ppna bild i helsk\u00e4rm<img loading=\"lazy\"   alt=\"\"\/><\/p>\n<p>Saabs MSHORAD under en \u00f6vning med den litauiska milit\u00e4ren 2024.<\/p>\n<p>Foto: Linus Svensson \/Saab \/ TT NYHETSBYR\u00c5N<\/p>\n<p>\u00d6ppna bild i helsk\u00e4rmSaabs storaff\u00e4rer sedan krigsstarten<\/p>\n<p><strong>Stora ub\u00e5tsaff\u00e4rer f\u00f6r Saab sedan 2022:<\/strong><\/p>\n<p>\u2022 Polen, tre stycken A26-ub\u00e5tar f\u00f6r \u201dflera miljarder\u201d (enligt Polens f\u00f6rsvarsminister siktar man p\u00e5 f\u00e4rdigt kontrakt under andra kvartalet 2026).<\/p>\n<p><strong>Stora Gripen-aff\u00e4rer sedan 2022:<\/strong><\/p>\n<p>\u2022 Colombia, 17 stridsflygplan f\u00f6r \u00f6ver 34 miljarder kronor. 15 Gripen E och 2 Gripen F (tv\u00e5sitsig).<\/p>\n<p>\u2022 Thailand, ytterligare fyra stridsflygplan (Gripen E) f\u00f6r 5,3 miljarder kronor (sedan tidigare har Thailand Gripen C).<\/p>\n<p>\u2022 Ungern, ytterligare fyra Gripen C. Ingen officiell f\u00f6rs\u00e4ljningssumma.\u00a0<\/p>\n<p> Ukraina, en avsiktsf\u00f6rklaring med Sverige om k\u00f6p av 100-150 Gripen E\/F<\/p>\n<p><strong>Stora radar-, sensor- och spaningsplanaff\u00e4rer sedan 2022:<\/strong><\/p>\n<p> Sverige, best\u00e4llde tre GlobalEye under 2022 (2 st) och 2024 (1 st) f\u00f6r totalt 9,9 miljarder kronor.<\/p>\n<p> Airbus best\u00e4llde sensorn Arexis till stridsflygplanet Eurofighter f\u00f6r drygt sex miljarder kronor i november 2025<\/p>\n<p>\u2022 USA, k\u00f6pte radarsystemet Giraffe f\u00f6r drygt 500 miljoner kronor i oktober 2025.<\/p>\n<p>\u2022 Storbritannien, k\u00f6pte radarsystemet Giraffe f\u00f6r 300 miljoner kronor i september 2024<\/p>\n<p>\u2022 Frankrike, har f\u00f6r avsikt att k\u00f6pa flera GlobalEye spaningsplan.<\/p>\n<p><strong>Stora underst\u00f6dsvapenaff\u00e4rer sedan 2022:<\/strong><\/p>\n<p> Polen, best\u00e4llde stora m\u00e4ngder granatgev\u00e4r av typen Carl-Gustaf f\u00f6r 12,9 miljarder kronor<\/p>\n<p> Sverige, k\u00f6pte ammunition till Carl-Gustaf f\u00f6r tre miljarder 2023<\/p>\n<p>I september uppgick orderstocken, allts\u00e5 best\u00e4llningar som \u00f6ver tid omvandlas till int\u00e4kter, till \u00f6ver drygt 202 miljarder kronor.<\/p>\n<p>Visa mer<\/p>\n","protected":false},"excerpt":{"rendered":"Publicerad 27 nov 2025 kl 20.52Uppdaterad kl 20.58 V\u00e4rlden rustar som aldrig f\u00f6rr. En av huvudrollerna spelas av&hellip;\n","protected":false},"author":2,"featured_media":91559,"comment_status":"","ping_status":"","sticky":false,"template":"","format":"standard","meta":{"footnotes":""},"categories":[5],"tags":[50,22,23,26,27,17,21,24,25,28,29,15,16,410,18,34,31,33,32,30,19,49,20],"class_list":{"0":"post-91558","1":"post","2":"type-post","3":"status-publish","4":"format-standard","5":"has-post-thumbnail","7":"category-rubriker","8":"tag-arme-forsvar","9":"tag-breaking-news","10":"tag-breakingnews","11":"tag-featured-news","12":"tag-featurednews","13":"tag-headlines","14":"tag-huvudnyheter","15":"tag-latest-news","16":"tag-latestnews","17":"tag-main-news","18":"tag-mainnews","19":"tag-news","20":"tag-nyheter","21":"tag-organization-saab","22":"tag-rubriker","23":"tag-se","24":"tag-svenska","25":"tag-sverige","26":"tag-sweden","27":"tag-swedish","28":"tag-top-stories","29":"tag-topic-militar","30":"tag-topstories"},"share_on_mastodon":{"url":"https:\/\/pubeurope.com\/@se\/115623454549312312","error":""},"_links":{"self":[{"href":"https:\/\/www.europesays.com\/se\/wp-json\/wp\/v2\/posts\/91558","targetHints":{"allow":["GET"]}}],"collection":[{"href":"https:\/\/www.europesays.com\/se\/wp-json\/wp\/v2\/posts"}],"about":[{"href":"https:\/\/www.europesays.com\/se\/wp-json\/wp\/v2\/types\/post"}],"author":[{"embeddable":true,"href":"https:\/\/www.europesays.com\/se\/wp-json\/wp\/v2\/users\/2"}],"replies":[{"embeddable":true,"href":"https:\/\/www.europesays.com\/se\/wp-json\/wp\/v2\/comments?post=91558"}],"version-history":[{"count":0,"href":"https:\/\/www.europesays.com\/se\/wp-json\/wp\/v2\/posts\/91558\/revisions"}],"wp:featuredmedia":[{"embeddable":true,"href":"https:\/\/www.europesays.com\/se\/wp-json\/wp\/v2\/media\/91559"}],"wp:attachment":[{"href":"https:\/\/www.europesays.com\/se\/wp-json\/wp\/v2\/media?parent=91558"}],"wp:term":[{"taxonomy":"category","embeddable":true,"href":"https:\/\/www.europesays.com\/se\/wp-json\/wp\/v2\/categories?post=91558"},{"taxonomy":"post_tag","embeddable":true,"href":"https:\/\/www.europesays.com\/se\/wp-json\/wp\/v2\/tags?post=91558"}],"curies":[{"name":"wp","href":"https:\/\/api.w.org\/{rel}","templated":true}]}}