{"id":91562,"date":"2025-11-27T20:08:12","date_gmt":"2025-11-27T20:08:12","guid":{"rendered":"https:\/\/www.europesays.com\/se\/91562\/"},"modified":"2025-11-27T20:08:12","modified_gmt":"2025-11-27T20:08:12","slug":"skatten-pa-isk-hojs-med-20-nasta-ar-2","status":"publish","type":"post","link":"https:\/\/www.europesays.com\/se\/91562\/","title":{"rendered":"Skatten p\u00e5 ISK h\u00f6js med 20% n\u00e4sta \u00e5r"},"content":{"rendered":"<p class=\"font-sans text-base text-text-main dark:text-text-main-dark font-normal leading-[1.4]\"> Detta sedan Riksg\u00e4lden fastst\u00e4llt statsl\u00e5ner\u00e4ntan f\u00f6r utg\u00e5ngen av november, vilket styr skatteniv\u00e5n f\u00f6r n\u00e4stkommande \u00e5r.<\/p>\n<p>Ber\u00e4kningen bygger p\u00e5 statsl\u00e5ner\u00e4ntan plus ett p\u00e5slag p\u00e5 1 procentenhet, vilket ger en schabloninkomst, som sedan beskattas med 30 procent. Statsl\u00e5ner\u00e4ntan har fastst\u00e4llts till 2,55 procent, vilket med p\u00e5slaget p\u00e5 1 procentenhet blir 3,55 procent. Det inneb\u00e4r en skatteniv\u00e5 p\u00e5 1,065 procent f\u00f6r 2026.<\/p>\n<p>Skatteniv\u00e5n \u00e4r 0,888 procent f\u00f6r det innevarande taxerings\u00e5ret 2025. Det betyder att skatten h\u00f6js med 20 procent r\u00e4knat i absoluta tal f\u00f6r 2026 j\u00e4mf\u00f6rt med 2025.<\/p>\n<p>Regeringen inf\u00f6rde f\u00f6r taxerings\u00e5ret 2025 ett fribelopp p\u00e5 150 000 kronor per person. Det betyder att den som har tillg\u00e5ngar upp till 150 000 kronor inte betalar n\u00e5gon skatt p\u00e5 ISK eller KF.<\/p>\n<p>Regeringen har beslutat att f\u00f6r taxerings\u00e5ret 2026 f\u00f6rdubblas fribeloppet till 300 000 kronor per person.<\/p>\n<p>ISK och KF har en likv\u00e4rdig beskattning, men hur skatten ber\u00e4knas och betalas sker p\u00e5 olika s\u00e4tt.<\/p>\n","protected":false},"excerpt":{"rendered":"Detta sedan Riksg\u00e4lden fastst\u00e4llt statsl\u00e5ner\u00e4ntan f\u00f6r utg\u00e5ngen av november, vilket styr skatteniv\u00e5n f\u00f6r n\u00e4stkommande \u00e5r. Ber\u00e4kningen bygger p\u00e5&hellip;\n","protected":false},"author":2,"featured_media":91563,"comment_status":"","ping_status":"","sticky":false,"template":"","format":"standard","meta":{"footnotes":""},"categories":[65],"tags":[72,70,71,1254,3409,34,1142,31,33,32,30],"class_list":{"0":"post-91562","1":"post","2":"type-post","3":"status-publish","4":"format-standard","5":"has-post-thumbnail","7":"category-ekonomi","8":"tag-business","9":"tag-economy","10":"tag-ekonomi","11":"tag-investeringar","12":"tag-regeringen","13":"tag-se","14":"tag-sparande","15":"tag-svenska","16":"tag-sverige","17":"tag-sweden","18":"tag-swedish"},"share_on_mastodon":{"url":"https:\/\/pubeurope.com\/@se\/115623474290619904","error":""},"_links":{"self":[{"href":"https:\/\/www.europesays.com\/se\/wp-json\/wp\/v2\/posts\/91562","targetHints":{"allow":["GET"]}}],"collection":[{"href":"https:\/\/www.europesays.com\/se\/wp-json\/wp\/v2\/posts"}],"about":[{"href":"https:\/\/www.europesays.com\/se\/wp-json\/wp\/v2\/types\/post"}],"author":[{"embeddable":true,"href":"https:\/\/www.europesays.com\/se\/wp-json\/wp\/v2\/users\/2"}],"replies":[{"embeddable":true,"href":"https:\/\/www.europesays.com\/se\/wp-json\/wp\/v2\/comments?post=91562"}],"version-history":[{"count":0,"href":"https:\/\/www.europesays.com\/se\/wp-json\/wp\/v2\/posts\/91562\/revisions"}],"wp:featuredmedia":[{"embeddable":true,"href":"https:\/\/www.europesays.com\/se\/wp-json\/wp\/v2\/media\/91563"}],"wp:attachment":[{"href":"https:\/\/www.europesays.com\/se\/wp-json\/wp\/v2\/media?parent=91562"}],"wp:term":[{"taxonomy":"category","embeddable":true,"href":"https:\/\/www.europesays.com\/se\/wp-json\/wp\/v2\/categories?post=91562"},{"taxonomy":"post_tag","embeddable":true,"href":"https:\/\/www.europesays.com\/se\/wp-json\/wp\/v2\/tags?post=91562"}],"curies":[{"name":"wp","href":"https:\/\/api.w.org\/{rel}","templated":true}]}}