{"id":91567,"date":"2025-11-27T20:11:11","date_gmt":"2025-11-27T20:11:11","guid":{"rendered":"https:\/\/www.europesays.com\/se\/91567\/"},"modified":"2025-11-27T20:11:11","modified_gmt":"2025-11-27T20:11:11","slug":"nya-maradromsbilder-for-brynas-ser-absolut-inte-bra-ut","status":"publish","type":"post","link":"https:\/\/www.europesays.com\/se\/91567\/","title":{"rendered":"Nya maradr\u00f6msbilder f\u00f6r Bryn\u00e4s: &#8221;Ser absolut inte bra ut&#8221;"},"content":{"rendered":"<p><strong>Precis n\u00e4r Luke Witkowski blivit spelklar kom n\u00e4sta backsm\u00e4ll f\u00f6r <a href=\"https:\/\/hockeysverige.se\/klubb\/brynas-if\" rel=\"nofollow noopener\" target=\"_blank\">Bryn\u00e4s<\/a>. Under torsdagsm\u00f6tet i Link\u00f6ping klev Michal Kempn\u00fd av med hj\u00e4lp av sina lagkamrater. <\/strong><\/p>\n<p><img loading=\"lazy\" decoding=\"async\" width=\"1024\" height=\"658\" src=\"https:\/\/www.europesays.com\/se\/wp-content\/uploads\/2025\/11\/Michal-Kempny--1024x658.webp.webp\" alt=\"\" class=\"wp-image-330418\"  \/>Michal Kempn\u00fd hj\u00e4lps av isen i m\u00f6tet med Link\u00f6ping (h\u00f6ger). Foto: Bildbyr\u00e5n och TV4 (sk\u00e4rmdump).<\/p>\n<p>Det var i inledningen av den andra perioden mot Link\u00f6ping som olyckan var framme f\u00f6r b\u00e5de Bryn\u00e4s och Michal Kempn\u00fd. <\/p>\n<p>Den tjeckiske 35-\u00e5ringen som gjorde sin 20:e match i tr\u00f6jan f\u00f6rs\u00f6kte kliva in f\u00f6r att stoppa unge LHC-spelaren Loke Krantz vid ett farligt l\u00e4ge, men dundrade endast in i egen bur, tillsammans med 07:an. Kempn\u00fd satt kvar p\u00e5 isen l\u00e4ngre en sin motst\u00e5ndare och inom kort syntes han \u00e4ven bli hj\u00e4lpt av isen av sina lagkamrater. <\/p>\n<p>\u2013 Hur gick det d\u00e4r egentligen? Det ser absolut inte bra ut i de h\u00e4r bilderna. Det \u00e4r Kempny som f\u00e5r hj\u00e4lp av Link\u00f6pings fystr\u00e4nare, men han tar sig i alla fall ut av egen maskin. Det ser orov\u00e4ckande ut f\u00f6r G\u00e4llstedts back, s\u00e4ger TV4:s kommentator J\u00f6rgen Larsson i s\u00e4ndningen. <\/p>\n<p>Sedan tidigare har Bryn\u00e4s Simon Bertilsson och Christian Djoos p\u00e5 fr\u00e5nvarolistan. I och med att man saknat spelare i f\u00f6rsvaret har d\u00e4rmed Tyler Vesel klivit ner som back. En position han \u00e4ven fick till m\u00f6tet med Link\u00f6ping \u2013 trots att nyf\u00f6rv\u00e4rvet Luke Witkowski blivit spelredo. <\/p>\n<p>Strax efter att Kempn\u00fd klivit av fick Johannes Kinnvall in 1\u20131 i powerplay \u2013 p\u00e5 pass fr\u00e5n Nicklas B\u00e4ckstr\u00f6m. <\/p>\n<p>Texten uppdateras! Matchen p\u00e5g\u00e5r. <\/p>\n","protected":false},"excerpt":{"rendered":"Precis n\u00e4r Luke Witkowski blivit spelklar kom n\u00e4sta backsm\u00e4ll f\u00f6r Bryn\u00e4s. Under torsdagsm\u00f6tet i Link\u00f6ping klev Michal Kempn\u00fd&hellip;\n","protected":false},"author":2,"featured_media":91568,"comment_status":"","ping_status":"","sticky":false,"template":"","format":"standard","meta":{"footnotes":""},"categories":[5],"tags":[22,23,26,27,17,21,24,25,28,29,15,16,18,34,133,134,31,33,32,30,19,20],"class_list":{"0":"post-91567","1":"post","2":"type-post","3":"status-publish","4":"format-standard","5":"has-post-thumbnail","7":"category-rubriker","8":"tag-breaking-news","9":"tag-breakingnews","10":"tag-featured-news","11":"tag-featurednews","12":"tag-headlines","13":"tag-huvudnyheter","14":"tag-latest-news","15":"tag-latestnews","16":"tag-main-news","17":"tag-mainnews","18":"tag-news","19":"tag-nyheter","20":"tag-rubriker","21":"tag-se","22":"tag-second-news","23":"tag-shl","24":"tag-svenska","25":"tag-sverige","26":"tag-sweden","27":"tag-swedish","28":"tag-top-stories","29":"tag-topstories"},"share_on_mastodon":{"url":"https:\/\/pubeurope.com\/@se\/115623486218443324","error":""},"_links":{"self":[{"href":"https:\/\/www.europesays.com\/se\/wp-json\/wp\/v2\/posts\/91567","targetHints":{"allow":["GET"]}}],"collection":[{"href":"https:\/\/www.europesays.com\/se\/wp-json\/wp\/v2\/posts"}],"about":[{"href":"https:\/\/www.europesays.com\/se\/wp-json\/wp\/v2\/types\/post"}],"author":[{"embeddable":true,"href":"https:\/\/www.europesays.com\/se\/wp-json\/wp\/v2\/users\/2"}],"replies":[{"embeddable":true,"href":"https:\/\/www.europesays.com\/se\/wp-json\/wp\/v2\/comments?post=91567"}],"version-history":[{"count":0,"href":"https:\/\/www.europesays.com\/se\/wp-json\/wp\/v2\/posts\/91567\/revisions"}],"wp:featuredmedia":[{"embeddable":true,"href":"https:\/\/www.europesays.com\/se\/wp-json\/wp\/v2\/media\/91568"}],"wp:attachment":[{"href":"https:\/\/www.europesays.com\/se\/wp-json\/wp\/v2\/media?parent=91567"}],"wp:term":[{"taxonomy":"category","embeddable":true,"href":"https:\/\/www.europesays.com\/se\/wp-json\/wp\/v2\/categories?post=91567"},{"taxonomy":"post_tag","embeddable":true,"href":"https:\/\/www.europesays.com\/se\/wp-json\/wp\/v2\/tags?post=91567"}],"curies":[{"name":"wp","href":"https:\/\/api.w.org\/{rel}","templated":true}]}}