{"id":91571,"date":"2025-11-27T20:16:14","date_gmt":"2025-11-27T20:16:14","guid":{"rendered":"https:\/\/www.europesays.com\/se\/91571\/"},"modified":"2025-11-27T20:16:14","modified_gmt":"2025-11-27T20:16:14","slug":"affarsvarlden-lamnar-ett-neutralt-rad-for-moment-group-2","status":"publish","type":"post","link":"https:\/\/www.europesays.com\/se\/91571\/","title":{"rendered":"Aff\u00e4rsv\u00e4rlden l\u00e4mnar ett neutralt r\u00e5d f\u00f6r Moment Group"},"content":{"rendered":"<p>&#13;<br \/>\n                        Koncernen har 15 verksamheter i sex skandinaviska st\u00e4der d\u00e4r de driver musikaler, teatrar, konserter, konferenser, aktivitetsrestauranger och showkrogar.<\/p>\n<p>Den stora fr\u00e5gan som tidningen ser nu \u00e4r hur Moment Group ska n\u00e5 l\u00f6nsamhet och hur l\u00e5ng tid det kan ta. Bolaget har ocks\u00e5 stora s\u00e4songsvariationer och hela \u00e5rets vinst intj\u00e4nas vanligtvis i fj\u00e4rde kvartalet. <\/p>\n<p>&#8221;H\u00e4r och nu tycker vi riskerna \u00e4r f\u00f6r stora och h\u00e5ller oss p\u00e5 sidlinjen&#8221;, skriver Aff\u00e4rsv\u00e4rlden.&#13;\n                    <\/p>\n","protected":false},"excerpt":{"rendered":"&#13; Koncernen har 15 verksamheter i sex skandinaviska st\u00e4der d\u00e4r de driver musikaler, teatrar, konserter, konferenser, aktivitetsrestauranger och&hellip;\n","protected":false},"author":2,"featured_media":91572,"comment_status":"","ping_status":"","sticky":false,"template":"","format":"standard","meta":{"footnotes":""},"categories":[65],"tags":[72,70,71,454,453,451,452,34,31,33,32,30,455],"class_list":{"0":"post-91571","1":"post","2":"type-post","3":"status-publish","4":"format-standard","5":"has-post-thumbnail","7":"category-ekonomi","8":"tag-business","9":"tag-economy","10":"tag-ekonomi","11":"tag-ekonomisk-analys","12":"tag-finans","13":"tag-finansiella-nyheter","14":"tag-investera","15":"tag-se","16":"tag-svenska","17":"tag-sverige","18":"tag-sweden","19":"tag-swedish","20":"tag-trading"},"share_on_mastodon":{"url":"https:\/\/pubeurope.com\/@se\/115623505680227692","error":""},"_links":{"self":[{"href":"https:\/\/www.europesays.com\/se\/wp-json\/wp\/v2\/posts\/91571","targetHints":{"allow":["GET"]}}],"collection":[{"href":"https:\/\/www.europesays.com\/se\/wp-json\/wp\/v2\/posts"}],"about":[{"href":"https:\/\/www.europesays.com\/se\/wp-json\/wp\/v2\/types\/post"}],"author":[{"embeddable":true,"href":"https:\/\/www.europesays.com\/se\/wp-json\/wp\/v2\/users\/2"}],"replies":[{"embeddable":true,"href":"https:\/\/www.europesays.com\/se\/wp-json\/wp\/v2\/comments?post=91571"}],"version-history":[{"count":0,"href":"https:\/\/www.europesays.com\/se\/wp-json\/wp\/v2\/posts\/91571\/revisions"}],"wp:featuredmedia":[{"embeddable":true,"href":"https:\/\/www.europesays.com\/se\/wp-json\/wp\/v2\/media\/91572"}],"wp:attachment":[{"href":"https:\/\/www.europesays.com\/se\/wp-json\/wp\/v2\/media?parent=91571"}],"wp:term":[{"taxonomy":"category","embeddable":true,"href":"https:\/\/www.europesays.com\/se\/wp-json\/wp\/v2\/categories?post=91571"},{"taxonomy":"post_tag","embeddable":true,"href":"https:\/\/www.europesays.com\/se\/wp-json\/wp\/v2\/tags?post=91571"}],"curies":[{"name":"wp","href":"https:\/\/api.w.org\/{rel}","templated":true}]}}