{"id":91582,"date":"2025-11-27T20:25:17","date_gmt":"2025-11-27T20:25:17","guid":{"rendered":"https:\/\/www.europesays.com\/se\/91582\/"},"modified":"2025-11-27T20:25:17","modified_gmt":"2025-11-27T20:25:17","slug":"bolsonaro-slutade-som-en-simpel-brottsling","status":"publish","type":"post","link":"https:\/\/www.europesays.com\/se\/91582\/","title":{"rendered":"Bolsonaro slutade som en simpel brottsling"},"content":{"rendered":"<p>Detta \u00e4r en kommenterande text. Skribenten svarar f\u00f6r analys och st\u00e4llningstaganden i texten.<\/p>\n<p>Under sina \u00e5r vid makten var Jair Bolsonaro det s\u00f6dra halvklotets mest h\u00f6gljudda h\u00f6gernationalist och styrde v\u00e4rldens femte st\u00f6rsta land. Nu f\u00f6rvandlar hans tafatta f\u00f6rs\u00f6k att g\u00f6ra sig fri fr\u00e5n sin fotboja med en l\u00f6dkolv \u2014 medan han satt i husarrest \u2014 honom fr\u00e5n statsman till en simpel brottsling. Bolsonaro h\u00e4vdar att han stod under p\u00e5verkan av mediciner som gjorde honom paranoid och gav hallucinationer. Han p\u00e5stod sig tro att fotbojan inneh\u00f6ll avlyssningsutrustning och ville \u201dunders\u00f6ka\u201d den.<\/p>\n<p>Det misslyckade experimentet att bli av med fotbojan har omintetgjort hans advokaters str\u00e4van att f\u00e5 H\u00f6gsta domstolen att bevilja fortsatt husarrest. Advokaterna menar att den 70-\u00e5rige ex-presidentens vacklande h\u00e4lsa g\u00f6r det \u201dom\u00f6jligt f\u00f6r honom att vistas s\u00e4kert i en f\u00e4ngelsemilj\u00f6\u201d. Men domstolen \u00e4r mer bekymrad \u00f6ver risken f\u00f6r rymning. Mycket tyder p\u00e5 att Bolsonaro f\u00f6rs\u00f6kte ta av sig fotbojan f\u00f6r att fly till den amerikanska ambassaden i Bras\u00edlia, som ligger bara en kvart fr\u00e5n hans bostad.<\/p>\n<p>          <img decoding=\"async\" class=\"picture__img\" src=\"https:\/\/www.europesays.com\/se\/wp-content\/uploads\/2025\/11\/bb9ec2cb-5bcb-4c53-bbad-9149051d77cc.jpeg\"   alt=\"Sonen Carlos Bolsonaro efter att han har bes\u00f6kt sin pappa i h\u00e4ktet.\"\/><\/p>\n<p>      Sonen Carlos Bolsonaro efter att han har bes\u00f6kt sin pappa i h\u00e4ktet.<\/p>\n<p>      Foto: Evaristo Sa\/AFP<\/p>\n<p><strong>Av de sex andra<\/strong> personer som d\u00f6mts till livstids f\u00e4ngelse f\u00f6r kuppf\u00f6rs\u00f6ket 2023 har redan en lyckats fly. Underr\u00e4ttelsetj\u00e4nstens tidigare chef Alexandre Ramagem tog sig till USA i m\u00e5ndags, trots att den federala polisen \u00e5terkallat hans pass.<\/p>\n<p>\u2013 Jag \u00e4r i s\u00e4kerhet i USA, <a href=\"https:\/\/www.theguardian.com\/world\/2025\/nov\/25\/jair-bolsonaro-brazil-prison\" rel=\"nofollow noopener\" target=\"_blank\">sade han i en video p\u00e5 sociala medier<\/a>, d\u00e4r han uppmanade landets h\u00f6gernationalister att g\u00e5 ut p\u00e5 gatorna f\u00f6r att f\u00f6rsvara Bolsonaro.<\/p>\n<p>Endast ett f\u00e5tal f\u00f6ljde uppmaningen.<\/p>\n<p>Sedan H\u00f6gsta domstolen tidigare i \u00e5r f\u00e4llde Bolsonaro f\u00f6r delaktighet i statskuppsf\u00f6rs\u00f6ket har den h\u00f6gernationalistiska r\u00f6relsen tappat kraft. En studie visar att endast 13 procent av v\u00e4ljarna st\u00f6djer Bolsonaro \u201doavsett vad han g\u00f6r\u201d. Vid en demonstration som Bolsonaros s\u00f6ner organiserade i Bras\u00edlia f\u00f6rra m\u00e5naden d\u00f6k bara omkring 2 000 personer upp. St\u00f6det eroderar nu ytterligare sedan deras ledare blivit till \u00e5tl\u00f6je f\u00f6r sitt amat\u00f6rm\u00e4ssiga f\u00f6rs\u00f6k att manipulera sin fotboja.<\/p>\n<p><strong>Sociala medier i Brasilien<\/strong> sv\u00e4mmar \u00f6ver av sk\u00e4mt och memes som driver med Bolsonaro och hans sm\u00e4lta fotboja.<\/p>\n<p>\u2013 Brasilien vann, skriver folk p\u00e5 plattformen X.<\/p>\n<p>          <img decoding=\"async\" class=\"picture__img\" src=\"https:\/\/www.europesays.com\/se\/wp-content\/uploads\/2025\/11\/5d26b330-37ad-45f8-8b4e-547b0e9ee5dd.jpeg\"   alt=\"Motst\u00e5ndare till Jair Bolsonaros h\u00f6gernationalistiska r\u00f6relse fester utanf\u00f6r den federala polisen h\u00f6gkvarter d\u00e4r Bolsonaro sitter h\u00e4ktad i v\u00e4ntan p\u00e5 att f\u00f6ras till f\u00e4ngelse.\"\/><\/p>\n<p>      Motst\u00e5ndare till Jair Bolsonaros h\u00f6gernationalistiska r\u00f6relse fester utanf\u00f6r den federala polisen h\u00f6gkvarter d\u00e4r Bolsonaro sitter h\u00e4ktad i v\u00e4ntan p\u00e5 att f\u00f6ras till f\u00e4ngelse.<\/p>\n<p>      Foto: Eraldo Peres\/AP<\/p>\n<p>M\u00e5nga brasilianare ser det \u00e4ven som r\u00e4ttvist att landets mest inflytelserika vaccinmotst\u00e5ndare \u2013 som anklagas f\u00f6r att ha bidragit till hundratusentals on\u00f6diga d\u00f6dsfall under pandemin \u2013 nu hamnar bakom galler. Sj\u00e4lvf\u00f6rtroendet inom den brasilianska v\u00e4nstern st\u00e4rks ocks\u00e5 av att r\u00e4ttsv\u00e4sendet lyckades d\u00f6ma b\u00e5de Bolsonaro och hans sex med\u00e5talade till l\u00e5nga straff. I USA misslyckades motsvarande f\u00f6rs\u00f6k att d\u00f6ma Donald Trump f\u00f6r stormningen av Kapitolium.<\/p>\n<p><strong>Det \u00e4r ocks\u00e5 historiskt<\/strong> att tre av de d\u00f6mda \u00e4r generaler. Inte ens efter den blodiga milit\u00e4rdiktaturen 1964\u20131985 d\u00f6mdes n\u00e5gon officer f\u00f6r mord, tortyr eller f\u00f6rf\u00f6ljelse. D\u00e5 erbj\u00f6ds milit\u00e4rerna amnesti. Nu d\u00f6mdes generalerna f\u00f6r att ha organiserat en konspiration f\u00f6r att ogiltigf\u00f6rklara valet 2022 och m\u00f6rda segraren, Lula da Silva, innan han tilltr\u00e4dde som president.<\/p>\n<p>Bolsonaro sitter kvar i den federala polisens h\u00e4kte i Bras\u00edlia, men v\u00e4ntas i veckan f\u00f6ras till sin cell i polish\u00f6gkvarterets f\u00e4ngelse. D\u00e4r kommer han att ha en s\u00e4ng, en tv, ett skrivbord och ett minikylsk\u00e5p. Det var inte s\u00e5 han t\u00e4nkt avsluta sin politiska karri\u00e4r \u2014 men tack vare de bevis som kn\u00f6t honom till kuppf\u00f6rs\u00f6ket \u00e4r det d\u00e4r det \u00e4r t\u00e4nkt att han kommer tillbringa sina sista dagar.<\/p>\n","protected":false},"excerpt":{"rendered":"Detta \u00e4r en kommenterande text. Skribenten svarar f\u00f6r analys och st\u00e4llningstaganden i texten. Under sina \u00e5r vid makten&hellip;\n","protected":false},"author":2,"featured_media":91583,"comment_status":"","ping_status":"","sticky":false,"template":"","format":"standard","meta":{"footnotes":""},"categories":[14],"tags":[22,23,26,27,17,21,24,25,28,29,15,16,18,34,31,33,32,30,19,20,51,52,53,54],"class_list":{"0":"post-91582","1":"post","2":"type-post","3":"status-publish","4":"format-standard","5":"has-post-thumbnail","7":"category-varlden","8":"tag-breaking-news","9":"tag-breakingnews","10":"tag-featured-news","11":"tag-featurednews","12":"tag-headlines","13":"tag-huvudnyheter","14":"tag-latest-news","15":"tag-latestnews","16":"tag-main-news","17":"tag-mainnews","18":"tag-news","19":"tag-nyheter","20":"tag-rubriker","21":"tag-se","22":"tag-svenska","23":"tag-sverige","24":"tag-sweden","25":"tag-swedish","26":"tag-top-stories","27":"tag-topstories","28":"tag-varlden","29":"tag-world","30":"tag-world-news","31":"tag-worldnews"},"share_on_mastodon":{"url":"https:\/\/pubeurope.com\/@se\/115623541344244129","error":""},"_links":{"self":[{"href":"https:\/\/www.europesays.com\/se\/wp-json\/wp\/v2\/posts\/91582","targetHints":{"allow":["GET"]}}],"collection":[{"href":"https:\/\/www.europesays.com\/se\/wp-json\/wp\/v2\/posts"}],"about":[{"href":"https:\/\/www.europesays.com\/se\/wp-json\/wp\/v2\/types\/post"}],"author":[{"embeddable":true,"href":"https:\/\/www.europesays.com\/se\/wp-json\/wp\/v2\/users\/2"}],"replies":[{"embeddable":true,"href":"https:\/\/www.europesays.com\/se\/wp-json\/wp\/v2\/comments?post=91582"}],"version-history":[{"count":0,"href":"https:\/\/www.europesays.com\/se\/wp-json\/wp\/v2\/posts\/91582\/revisions"}],"wp:featuredmedia":[{"embeddable":true,"href":"https:\/\/www.europesays.com\/se\/wp-json\/wp\/v2\/media\/91583"}],"wp:attachment":[{"href":"https:\/\/www.europesays.com\/se\/wp-json\/wp\/v2\/media?parent=91582"}],"wp:term":[{"taxonomy":"category","embeddable":true,"href":"https:\/\/www.europesays.com\/se\/wp-json\/wp\/v2\/categories?post=91582"},{"taxonomy":"post_tag","embeddable":true,"href":"https:\/\/www.europesays.com\/se\/wp-json\/wp\/v2\/tags?post=91582"}],"curies":[{"name":"wp","href":"https:\/\/api.w.org\/{rel}","templated":true}]}}