{"id":91588,"date":"2025-11-27T20:29:15","date_gmt":"2025-11-27T20:29:15","guid":{"rendered":"https:\/\/www.europesays.com\/se\/91588\/"},"modified":"2025-11-27T20:29:15","modified_gmt":"2025-11-27T20:29:15","slug":"kim-hellberg-middlesbrough-har-varit-mitt-enda-mal","status":"publish","type":"post","link":"https:\/\/www.europesays.com\/se\/91588\/","title":{"rendered":"Kim Hellberg: &#8221;Middlesbrough har varit mitt enda m\u00e5l&#8221;"},"content":{"rendered":"<p><strong>F\u00f6r tre dagar sedan stod det klart att Kim Hellberg l\u00e4mnade Hammarby f\u00f6r att ta \u00f6ver Middlesbrough. <br \/>Nu ber\u00e4ttar han att det var ett givet val. <br \/>\u2013 Det har varit Middlesbror sedan jag pratade med sportchefen Kierean, s\u00e4ger Hellberg via Sky Sports. <\/strong><\/p>\n<p><img loading=\"lazy\" decoding=\"async\" width=\"1024\" height=\"576\" src=\"https:\/\/www.europesays.com\/se\/wp-content\/uploads\/2025\/11\/hel-1024x576.jpg\" alt=\"\" class=\"wp-image-344995\"  \/>Foto: Alamy<\/p>\n<p>Det hade varit p\u00e5 g\u00e5ng ett bra tag. Under m\u00e5ndagen stod det till sist klart att <strong>Kim Hellberg<\/strong>\u00a0har gjort sitt i\u00a0<a href=\"https:\/\/fotbolldirekt.se\/klubb\/hammarby-if\/\" rel=\"nofollow noopener\" target=\"_blank\">Hammarby<\/a> f\u00f6r att <a href=\"https:\/\/fotbolldirekt.se\/silly-season\/beskedet-kim-hellberg-lamnar-hammarby-klar-for-middlesbrough\/\" rel=\"nofollow noopener\" target=\"_blank\">ta \u00f6ver Middlesbrough\u00a0i engelska The Championship<\/a>. <\/p>\n<p>Nu har Hellberg och <strong>David Selini<\/strong>, som f\u00f6ljde med till England fr\u00e5n \u201dBajen\u201d, gjort sitt f\u00f6rsta tr\u00e4ningspass. L\u00e4gg d\u00e4r till att <strong>Hellberg har gjort sin f\u00f6rsta presskonferens<\/strong>. <\/p>\n<p>D\u00e4r var han tydlig med varf\u00f6r det blev en flytt till just Middlesbrough. <\/p>\n<p>\u2013 <strong>Det har varit Middlesbrough sedan jag pratade med Kieran<\/strong> (Scott, sportchef). Det har varit mitt enda m\u00e5l och efter att jag pratade med Kieran k\u00e4nde jag att jag ville g\u00e5 dit om det fanns m\u00f6jlighet, s\u00e4ger Hellberg via Sky Sports. <\/p>\n<p>\u2013 Det har varit bra samtal och f\u00f6r mig har det varit Middlesbrough sedan jag pratade med dem. <strong>Jag \u00e4r v\u00e4ldigt glad \u00f6ver att vara h\u00e4r<\/strong>, forts\u00e4tter han. <\/p>\n<p>Hellbergs f\u00f6rsta match som huvudtr\u00e4nare f\u00f6r Middlesbrough \u00e4ger rum p\u00e5 l\u00f6rdag, d\u00e5 man tar emot Derby County p\u00e5 Riverside Stadium. <\/p>\n<blockquote class=\"twitter-tweet\" data-media-max-width=\"560\">\n<p lang=\"en\" dir=\"ltr\">\u201dIt\u2019s been Middlesbrough since I talked to Kieran\u201d<\/p>\n<p>Kim Hellberg on the impact sporting director Kieran Scott had on choosing Middlesbrough over Swansea \ud83d\udfe5 <a href=\"https:\/\/t.co\/I4LqKLn7sK\" rel=\"nofollow\">pic.twitter.com\/I4LqKLn7sK<\/a><\/p>\n<p>\u2014 Sky Sports News (@SkySportsNews) <a href=\"https:\/\/twitter.com\/SkySportsNews\/status\/1994056020549656985?ref_src=twsrc%5Etfw\" rel=\"nofollow noopener\" target=\"_blank\">November 27, 2025<\/a><\/p>\n<\/blockquote>\n<p><script async src=\"https:\/\/platform.twitter.com\/widgets.js\" charset=\"utf-8\"><\/script><\/p>\n","protected":false},"excerpt":{"rendered":"F\u00f6r tre dagar sedan stod det klart att Kim Hellberg l\u00e4mnade Hammarby f\u00f6r att ta \u00f6ver Middlesbrough. Nu&hellip;\n","protected":false},"author":2,"featured_media":91589,"comment_status":"","ping_status":"","sticky":false,"template":"","format":"standard","meta":{"footnotes":""},"categories":[68],"tags":[353,34,111,110,31,33,32,30],"class_list":{"0":"post-91588","1":"post","2":"type-post","3":"status-publish","4":"format-standard","5":"has-post-thumbnail","7":"category-sport","8":"tag-forsta-trean","9":"tag-se","10":"tag-sport","11":"tag-sports","12":"tag-svenska","13":"tag-sverige","14":"tag-sweden","15":"tag-swedish"},"share_on_mastodon":{"url":"https:\/\/pubeurope.com\/@se\/115623557090148952","error":""},"_links":{"self":[{"href":"https:\/\/www.europesays.com\/se\/wp-json\/wp\/v2\/posts\/91588","targetHints":{"allow":["GET"]}}],"collection":[{"href":"https:\/\/www.europesays.com\/se\/wp-json\/wp\/v2\/posts"}],"about":[{"href":"https:\/\/www.europesays.com\/se\/wp-json\/wp\/v2\/types\/post"}],"author":[{"embeddable":true,"href":"https:\/\/www.europesays.com\/se\/wp-json\/wp\/v2\/users\/2"}],"replies":[{"embeddable":true,"href":"https:\/\/www.europesays.com\/se\/wp-json\/wp\/v2\/comments?post=91588"}],"version-history":[{"count":0,"href":"https:\/\/www.europesays.com\/se\/wp-json\/wp\/v2\/posts\/91588\/revisions"}],"wp:featuredmedia":[{"embeddable":true,"href":"https:\/\/www.europesays.com\/se\/wp-json\/wp\/v2\/media\/91589"}],"wp:attachment":[{"href":"https:\/\/www.europesays.com\/se\/wp-json\/wp\/v2\/media?parent=91588"}],"wp:term":[{"taxonomy":"category","embeddable":true,"href":"https:\/\/www.europesays.com\/se\/wp-json\/wp\/v2\/categories?post=91588"},{"taxonomy":"post_tag","embeddable":true,"href":"https:\/\/www.europesays.com\/se\/wp-json\/wp\/v2\/tags?post=91588"}],"curies":[{"name":"wp","href":"https:\/\/api.w.org\/{rel}","templated":true}]}}