{"id":91590,"date":"2025-11-27T20:33:09","date_gmt":"2025-11-27T20:33:09","guid":{"rendered":"https:\/\/www.europesays.com\/se\/91590\/"},"modified":"2025-11-27T20:33:09","modified_gmt":"2025-11-27T20:33:09","slug":"palestinier-skjutna-efter-att-ha-overlamnat-sig","status":"publish","type":"post","link":"https:\/\/www.europesays.com\/se\/91590\/","title":{"rendered":"Palestinier skjutna efter att ha \u00f6verl\u00e4mnat sig"},"content":{"rendered":"<p>Palestinska myndigheten anklagar Israels milit\u00e4r f\u00f6r &#8221;krigsbrott&#8221; efter vad man beskriver som summariska avr\u00e4ttningar av de tv\u00e5 m\u00e4nnen. <\/p>\n<p>Israels milit\u00e4r uppger att m\u00e4nnen misst\u00e4nkts f\u00f6r &#8221;terroraktivitet&#8221; och att de tvingats ut ur en byggnad. <\/p>\n<p>\u201dEfter att de kommit ut \u00f6ppnades eld mot dem. H\u00e4ndelsen unders\u00f6ks\u201d, skriver man i ett gemensamt uttalande med polisen. <\/p>\n","protected":false},"excerpt":{"rendered":"Palestinska myndigheten anklagar Israels milit\u00e4r f\u00f6r &#8221;krigsbrott&#8221; efter vad man beskriver som summariska avr\u00e4ttningar av de tv\u00e5 m\u00e4nnen.&hellip;\n","protected":false},"author":2,"featured_media":793,"comment_status":"","ping_status":"","sticky":false,"template":"","format":"standard","meta":{"footnotes":""},"categories":[14],"tags":[22,23,26,27,17,21,24,25,28,29,15,16,18,34,31,33,32,30,19,20,51,52,53,54],"class_list":{"0":"post-91590","1":"post","2":"type-post","3":"status-publish","4":"format-standard","5":"has-post-thumbnail","7":"category-varlden","8":"tag-breaking-news","9":"tag-breakingnews","10":"tag-featured-news","11":"tag-featurednews","12":"tag-headlines","13":"tag-huvudnyheter","14":"tag-latest-news","15":"tag-latestnews","16":"tag-main-news","17":"tag-mainnews","18":"tag-news","19":"tag-nyheter","20":"tag-rubriker","21":"tag-se","22":"tag-svenska","23":"tag-sverige","24":"tag-sweden","25":"tag-swedish","26":"tag-top-stories","27":"tag-topstories","28":"tag-varlden","29":"tag-world","30":"tag-world-news","31":"tag-worldnews"},"share_on_mastodon":{"url":"https:\/\/pubeurope.com\/@se\/115623572457673637","error":""},"_links":{"self":[{"href":"https:\/\/www.europesays.com\/se\/wp-json\/wp\/v2\/posts\/91590","targetHints":{"allow":["GET"]}}],"collection":[{"href":"https:\/\/www.europesays.com\/se\/wp-json\/wp\/v2\/posts"}],"about":[{"href":"https:\/\/www.europesays.com\/se\/wp-json\/wp\/v2\/types\/post"}],"author":[{"embeddable":true,"href":"https:\/\/www.europesays.com\/se\/wp-json\/wp\/v2\/users\/2"}],"replies":[{"embeddable":true,"href":"https:\/\/www.europesays.com\/se\/wp-json\/wp\/v2\/comments?post=91590"}],"version-history":[{"count":0,"href":"https:\/\/www.europesays.com\/se\/wp-json\/wp\/v2\/posts\/91590\/revisions"}],"wp:featuredmedia":[{"embeddable":true,"href":"https:\/\/www.europesays.com\/se\/wp-json\/wp\/v2\/media\/793"}],"wp:attachment":[{"href":"https:\/\/www.europesays.com\/se\/wp-json\/wp\/v2\/media?parent=91590"}],"wp:term":[{"taxonomy":"category","embeddable":true,"href":"https:\/\/www.europesays.com\/se\/wp-json\/wp\/v2\/categories?post=91590"},{"taxonomy":"post_tag","embeddable":true,"href":"https:\/\/www.europesays.com\/se\/wp-json\/wp\/v2\/tags?post=91590"}],"curies":[{"name":"wp","href":"https:\/\/api.w.org\/{rel}","templated":true}]}}