{"id":91634,"date":"2025-11-27T22:11:17","date_gmt":"2025-11-27T22:11:17","guid":{"rendered":"https:\/\/www.europesays.com\/se\/91634\/"},"modified":"2025-11-27T22:11:17","modified_gmt":"2025-11-27T22:11:17","slug":"det-har-koper-svenskarna-mest-under-black-week","status":"publish","type":"post","link":"https:\/\/www.europesays.com\/se\/91634\/","title":{"rendered":"Det h\u00e4r k\u00f6per svenskarna mest under Black week"},"content":{"rendered":"<p>Publicerad 27 nov 2025 kl 14.35Uppdaterad kl 16.30<\/p>\n<p>Black week har dragit i g\u00e5ng och butikerna lockar med erbjudanden p\u00e5 allt fr\u00e5n elektronik till sk\u00f6nhetsprodukter.\u00a0<\/p>\n<p>Men vad planerar svenskarna egentligen att l\u00e4gga sina pengar p\u00e5?<\/p>\n<p>En f\u00e4rsk unders\u00f6kning visar vilka varor som st\u00e5r h\u00f6gst p\u00e5 \u00f6nskelistan.<\/p>\n<p>\u00c5rets stora shoppingvecka Black week \u00e4r inne p\u00e5 sin fj\u00e4rde dag.<\/p>\n<p>Men vad k\u00f6per svenskarna egentligen mest av under veckan? I en unders\u00f6kning gjord av <a href=\"https:\/\/www.svenskhandel.se\/nyhetscenter\/pressmeddelanden\/rekordmanga-planerar-att-handla-under-black-week\/\" rel=\"nofollow noopener\" target=\"_blank\">Svensk handel<\/a>, d\u00e4r 1 000 personer tillfr\u00e5gats om vad de t\u00e4nkte handla under Black week, sticker en kategori ut. Hela 64 procent av de tillfr\u00e5gade, som uppger att de ska shoppa under veckan, svarade att de t\u00e4nkte k\u00f6pa kl\u00e4der eller skor. 47 procent s\u00e4ger t\u00e4nkte handla hemelektronik.<\/p>\n<p>P\u00e5 tredje, respektive fj\u00e4rde plats hamnar sk\u00f6nhetsprodukter och heminredning.\u00a0<\/p>\n<p>Enligt Svensk handel v\u00e4ntas oms\u00e4ttningen under 2025 \u00e5rs Black week uppg\u00e5 till \u00f6ver 10 miljarder kronor.<\/p>\n<p>Techexpertern: Det ska du satsa p\u00e5<\/p>\n<p>Det kan vara sv\u00e5rt att hitta r\u00e4tt djungeln av erbjudanden under Black week och det \u00e4r inte alltid l\u00e4tt att veta om det man k\u00f6per \u00e4r prisv\u00e4rt.<\/p>\n<p>I en chatt med Expressens l\u00e4sare svarade techreporter Mats Karlsson p\u00e5 fr\u00e5gor om k\u00f6p under Black week, och gav sina b\u00e4sta tips. H\u00e4r \u00e4r n\u00e5gra av produkterna han tipsade om.<\/p>\n<p><strong>1. F\u00f6r kaffe\u00e4lskaren<\/strong><\/p>\n<p><img loading=\"lazy\"   alt=\"\"\/>\u00d6ppna bild i helsk\u00e4rm<\/p>\n<p>\u2013 Vill du vara lite fancy s\u00e5 finns Moccamaster till bra priser nu p\u00e5 Black friday, s\u00e4ger Mats Karlsson.<br \/><strong>ANNONS: <\/strong><a href=\"https:\/\/adtr.co\/eiq7yj\" rel=\"nofollow noopener\" target=\"_blank\"><strong>K\u00f6p h\u00e4r (l\u00e4nk till Bagaren &amp; Kocken)<\/strong><\/a><\/p>\n<p><strong>2. Robotdammsugare<\/strong><\/p>\n<p><img loading=\"lazy\"   alt=\"\"\/>\u00d6ppna bild i helsk\u00e4rm<\/p>\n<p>F\u00f6r den som helst slipper dammsuga sj\u00e4lv \u00e4r den h\u00e4r robotvarianten fr\u00e5n Robrock ett bra k\u00f6p, menar Mats Karlsson. <br \/><strong>ANNONS: <\/strong><a href=\"https:\/\/adtr.co\/59d7s2\" rel=\"nofollow noopener\" target=\"_blank\"><strong>K\u00f6p h\u00e4r (l\u00e4nk till Kjell &amp; Company)<\/strong><\/a><strong>\u00a0<\/strong><\/p>\n<p><strong>3. Skaftdammsugare<\/strong><\/p>\n<p><img loading=\"lazy\"   alt=\"\"\/> <\/p>\n<p>Foto: Dyson \/ Dyson<\/p>\n<p>\u00d6ppna bild i helsk\u00e4rm<\/p>\n<p>F\u00f6r den som kan t\u00e4nka sig att \u00e4nd\u00e5 dammsuga lite sj\u00e4lv tipsar Mats Karlsson om Dyson V15s Detect Slim Submarine.\u00a0<\/p>\n<p>\u2013 Fortfarande en relativt dyr skaftdammsugare, men Dysons produkter i det h\u00e4r segmentet \u00e4r \u00e5 andra sidan grymma.<br \/><strong>ANNONS: <\/strong><a href=\"https:\/\/c.klarna.com\/al\/HBB5\/\" rel=\"nofollow noopener\" target=\"_blank\"><strong>K\u00f6p h\u00e4r (l\u00e4nk till Dyson)<\/strong><\/a><\/p>\n<p><strong>4. Airfryer<\/strong><\/p>\n<p><img loading=\"lazy\"   alt=\"\"\/>\u00d6ppna bild i helsk\u00e4rm<\/p>\n<p>\u2013 Det jag har noterat s\u00e5 h\u00e4r runt Black Week \u00e4r prim\u00e4rt bra priser p\u00e5 Airfryers fr\u00e5n OBH Nordica och Ninja. S\u00e5 det \u00e4r ett hett tips, s\u00e4ger Mats Karlsson. <br \/><strong>ANNONS: <\/strong><a href=\"https:\/\/adtr.co\/juk4pv\" rel=\"nofollow noopener\" target=\"_blank\"><strong>K\u00f6p h\u00e4r (l\u00e4nk till Komplett)<\/strong><\/a><strong><br \/>ANNONS: <\/strong><a href=\"https:\/\/www.awin1.com\/cread.php?awinmid=81679&amp;awinaffid=1628827&amp;campaign=&amp;clickref=&amp;ued=https%3A%2F%2Fninjakitchen.se%2Fprodukt%2Fninja-airfryer-max-pro-6-2-l-af180eu-zidAF180EU&amp;platform=pl\" rel=\"nofollow noopener\" target=\"_blank\"><strong>K\u00f6p h\u00e4r (l\u00e4nk till Ninja)<\/strong><\/a><\/p>\n<p><strong>5. Smartklocka<\/strong><\/p>\n<p><img loading=\"lazy\"   alt=\"\"\/> <\/p>\n<p>Foto: Garmin \/ Garmin<\/p>\n<p>\u00d6ppna bild i helsk\u00e4rm<\/p>\n<p>\u2013 F\u00f6r en strikt frilufts- och tr\u00e4ningsorienterad klocka s\u00e4ger jag Fenixserien fr\u00e5n Garmin, menar Mats Karlsson.<br \/><strong>ANNONS: <\/strong><a href=\"https:\/\/www.awin1.com\/cread.php?awinmid=18619&amp;awinaffid=1628827&amp;campaign=&amp;clickref=&amp;ued=https%3A%2F%2Fwww.outnorth.com%2Fse%2Fsok%3Fq%3DGarmin%2BGarmin%2BFenix%2B8&amp;platform=pl\" rel=\"nofollow noopener\" target=\"_blank\"><strong>K\u00f6p h\u00e4r (l\u00e4nk till Outnorth) <\/strong><\/a><strong>\u00a0<\/strong><\/p>\n<p><a href=\"https:\/\/www.expressen.se\/ekonomi\/tech\/basta-prylklippen-pa-black-friday\" rel=\"nofollow noopener\" target=\"_blank\">H\u00e4r kan du l\u00e4sa<\/a> om fler av Mats Karlssons b\u00e4sta shoppingtips under Black week.<\/p>\n<p>Annons<\/p>\n<p>Modeexpertens b\u00e4sta tips<\/p>\n<p>Damernas v\u00e4rlds chefredakt\u00f6r Jonna Bergh chattade ocks\u00e5 med l\u00e4sare f\u00f6r att svara p\u00e5 fr\u00e5gor och ge sina b\u00e4sta Black friday-tips. H\u00e4r kommer ett urval av det hon tipsade om.<\/p>\n<p><strong>1. Stickad tr\u00f6ja<\/strong><\/p>\n<p><img loading=\"lazy\"   alt=\"\"\/>\u00d6ppna bild i helsk\u00e4rm<\/p>\n<p>Jonna Bergh ber\u00e4ttar att en stickad tr\u00f6ja i premiummaterial alltid \u00e4r ett bra k\u00f6p. Fuji fr\u00e5n Wakauu Icons, till exmepel.<\/p>\n<p>\u2013 Jag \u00e4ger den sj\u00e4lv i gr\u00e5tt och vill inte ha p\u00e5 mig n\u00e5got annat.<br \/><strong>ANNONS: <\/strong><a href=\"https:\/\/c.klarna.com\/al\/FJF5\/\" rel=\"nofollow noopener\" target=\"_blank\"><strong>K\u00f6p h\u00e4r (l\u00e4nk till Wakakuu)<\/strong><\/a><\/p>\n<p><strong>2. V\u00e4skor<\/strong><\/p>\n<p><img loading=\"lazy\"   alt=\"\"\/>\u00d6ppna bild i helsk\u00e4rm<\/p>\n<p>Att hitta r\u00e4tt v\u00e4ska \u00e4r inte l\u00e4tt, men Jonna Bergh tipsar om svenska Flattered, som har m\u00e5nga bra modeller d\u00e4r man l\u00e4tt f\u00e5r plats med dator och annat som beh\u00f6vs tas med till jobb eller skola.<br \/><strong>ANNONS: <\/strong><a href=\"https:\/\/c.klarna.com\/al\/HHCZ\/\" rel=\"nofollow noopener\" target=\"_blank\"><strong>K\u00f6p h\u00e4r (l\u00e4nk till Flattered)<\/strong><\/a><\/p>\n<p><strong>3. Kappor<\/strong><\/p>\n<p><img loading=\"lazy\"   alt=\"\"\/>\u00d6ppna bild i helsk\u00e4rm<\/p>\n<p>\u2013 Underbar fr\u00e5ga! Just en vinterkappa till bra kvalitet \u00e4r v\u00e4l sj\u00e4lva EPICENTRUM av ett Black friday-kap, menar Jonna Bergh, och tipsar om svenska Tiger som har m\u00e5nga bra kappor.<br \/><strong>ANNONS: <\/strong><a href=\"https:\/\/c.klarna.com\/al\/HHCl\/\" rel=\"nofollow noopener\" target=\"_blank\"><strong>K\u00f6p h\u00e4r (l\u00e4nk till Tiger of Sweden)<\/strong><\/a><\/p>\n<p><strong>4. Kostymbyxor<\/strong><\/p>\n<p><img loading=\"lazy\"   alt=\"\"\/>\u00d6ppna bild i helsk\u00e4rm<\/p>\n<p>Jonna Bergh tipsar om MQ Marqet och Tiger \u2013 tv\u00e5 m\u00e4rken som b\u00e5da \u00e4r popul\u00e4ra hos de som b\u00e4r kostym p\u00e5 jobbet. <br \/><strong>ANNONS: <\/strong><a href=\"https:\/\/adtr.co\/e90d11\" rel=\"nofollow noopener\" target=\"_blank\"><strong>K\u00f6p h\u00e4r (l\u00e4nk till MQ Marqet)<\/strong><\/a><\/p>\n<p><strong>5. Vinr\u00f6tt<\/strong><\/p>\n<p><img loading=\"lazy\"   alt=\"\"\/>\u00d6ppna bild i helsk\u00e4rm<\/p>\n<p>En av de absolut st\u00f6rsta trenderna just nu \u00e4r f\u00e4rgen vinr\u00f6tt. Det \u00e4r b\u00e5de inne och otroligt snyggt, p\u00e5pekar Jonna Bergh \u2013 kanske allra fr\u00e4mst p\u00e5 l\u00e4deraccessoarer.<br \/><strong>ANNONS: <\/strong><a href=\"https:\/\/clk.tradedoubler.com\/click?p=227648&amp;a=3336178&amp;url=https%3A%2F%2Fwww.boozt.com%2Fse%2Fsv%2Fcoach%2Fbrooklyn-28_32737568%2F231169525\" rel=\"nofollow noopener\" target=\"_blank\"><strong>K\u00f6p h\u00e4r (l\u00e4nk till Boozt)<\/strong><\/a><\/p>\n<p>\u00c4r du sugen p\u00e5 fler godbitar i vinr\u00f6tt finns \u00e4nnu<a href=\"https:\/\/damernasvarld.expressen.se\/mode\/vinrott-tar-over-hosten-2025-sa-bar-du-sasongens-hetaste-farg\" rel=\"nofollow noopener\" target=\"_blank\"> fler tips h\u00e4r<\/a>.<\/p>\n<p><strong>L\u00c4S MER: <\/strong><a href=\"https:\/\/www.expressen.se\/ekonomi\/tech\/basta-prylklippen-pa-black-friday\/\" class=\"\" rel=\"nofollow noopener\" target=\"_blank\">B\u00e4sta prylklippen p\u00e5 Black Friday<\/a><strong>L\u00c4S MER: <\/strong><a href=\"https:\/\/www.expressen.se\/ekonomi\/privatekonomi\/sa-ska-du-tanka-nar-du-handlar-pa-black-friday\/\" class=\"\" rel=\"nofollow noopener\" target=\"_blank\">S\u00e5 ska du t\u00e4nka n\u00e4r du handlar p\u00e5 Black Friday<\/a><strong>L\u00c4S MER: <\/strong><a href=\"https:\/\/www.expressen.se\/nyheter\/sverige\/modeexperten-tipsar-om-kopen-under-black-week\/\" class=\"\" rel=\"nofollow noopener\" target=\"_blank\">Modeexperten tipsar om k\u00f6pen under black week<\/a><\/p>\n","protected":false},"excerpt":{"rendered":"Publicerad 27 nov 2025 kl 14.35Uppdaterad kl 16.30 Black week har dragit i g\u00e5ng och butikerna lockar med&hellip;\n","protected":false},"author":2,"featured_media":91635,"comment_status":"","ping_status":"","sticky":false,"template":"","format":"standard","meta":{"footnotes":""},"categories":[5],"tags":[22,23,26,27,17,21,24,25,28,29,15,16,6651,10518,18,34,31,33,32,30,19,6773,20],"class_list":{"0":"post-91634","1":"post","2":"type-post","3":"status-publish","4":"format-standard","5":"has-post-thumbnail","7":"category-rubriker","8":"tag-breaking-news","9":"tag-breakingnews","10":"tag-featured-news","11":"tag-featurednews","12":"tag-headlines","13":"tag-huvudnyheter","14":"tag-latest-news","15":"tag-latestnews","16":"tag-main-news","17":"tag-mainnews","18":"tag-news","19":"tag-nyheter","20":"tag-organization-black-friday","21":"tag-organization-svensk-handel","22":"tag-rubriker","23":"tag-se","24":"tag-svenska","25":"tag-sverige","26":"tag-sweden","27":"tag-swedish","28":"tag-top-stories","29":"tag-topic-shopping","30":"tag-topstories"},"share_on_mastodon":{"url":"https:\/\/pubeurope.com\/@se\/115623957834167662","error":""},"_links":{"self":[{"href":"https:\/\/www.europesays.com\/se\/wp-json\/wp\/v2\/posts\/91634","targetHints":{"allow":["GET"]}}],"collection":[{"href":"https:\/\/www.europesays.com\/se\/wp-json\/wp\/v2\/posts"}],"about":[{"href":"https:\/\/www.europesays.com\/se\/wp-json\/wp\/v2\/types\/post"}],"author":[{"embeddable":true,"href":"https:\/\/www.europesays.com\/se\/wp-json\/wp\/v2\/users\/2"}],"replies":[{"embeddable":true,"href":"https:\/\/www.europesays.com\/se\/wp-json\/wp\/v2\/comments?post=91634"}],"version-history":[{"count":0,"href":"https:\/\/www.europesays.com\/se\/wp-json\/wp\/v2\/posts\/91634\/revisions"}],"wp:featuredmedia":[{"embeddable":true,"href":"https:\/\/www.europesays.com\/se\/wp-json\/wp\/v2\/media\/91635"}],"wp:attachment":[{"href":"https:\/\/www.europesays.com\/se\/wp-json\/wp\/v2\/media?parent=91634"}],"wp:term":[{"taxonomy":"category","embeddable":true,"href":"https:\/\/www.europesays.com\/se\/wp-json\/wp\/v2\/categories?post=91634"},{"taxonomy":"post_tag","embeddable":true,"href":"https:\/\/www.europesays.com\/se\/wp-json\/wp\/v2\/tags?post=91634"}],"curies":[{"name":"wp","href":"https:\/\/api.w.org\/{rel}","templated":true}]}}