{"id":91661,"date":"2025-11-27T23:15:10","date_gmt":"2025-11-27T23:15:10","guid":{"rendered":"https:\/\/www.europesays.com\/se\/91661\/"},"modified":"2025-11-27T23:15:10","modified_gmt":"2025-11-27T23:15:10","slug":"ilskan-mot-fredsplanen-itrumps-egna-led","status":"publish","type":"post","link":"https:\/\/www.europesays.com\/se\/91661\/","title":{"rendered":"Ilskan mot fredsplanen \u2013 i\nTrumps egna led"},"content":{"rendered":"<p>Trumps fredsplan f\u00f6r Ukraina har inte bara f\u00e5tt v\u00e4rldsledare att ilskna till.<\/p>\n<p>\u00c4ven inom Republikanerna knorras det.<\/p>\n<p>\u201dJag \u00e4r v\u00e4ldigt skeptisk till att den kommer skapa fred\u201d, s\u00e4ger republikanske senatorn Roger Wicker i ett uttalande.<\/p>\n<p>Senaste nyhetsklippen fr\u00e5n Expressen.<img   alt=\"\"\/><\/p>\n<p>Donald Trump har f\u00e5tt kritik internt f\u00f6r sin fredsplan.<\/p>\n<p>Foto: ALEX BRANDON \/ AP TT NYHETSBYR\u00c5N<\/p>\n<p>\u00d6ppna bild i helsk\u00e4rm<\/p>\n<p>N\u00e4r den 28 punkter l\u00e5nga fredsplanen presenterades f\u00f6rra veckan togs den inte emot med \u00f6ppna armar av alla republikaner, tv\u00e4rtom muttrades det om att fredsplanen i sj\u00e4lva verket var en rysk \u201d\u00f6nskelista\u201d.<\/p>\n<p>Under tisdagen avsl\u00f6jade Bloomberg att Trumps s\u00e4rskilda s\u00e4ndebud Steve Witkoff tipsat Putins utrikespolitiska expert Jurij Usjakov om hur den ryske presidenten ska l\u00e4gga upp samtal med Trump \u2013 f\u00f6r att f\u00e5 sin vilja igenom.<\/p>\n<p>I samma samtal sa Witkoff att han ber\u00e4ttat f\u00f6r Trump att han \u00e4r \u00f6vertygad om att \u201d<a href=\"https:\/\/www.expressen.se\/tagg\/location\/ryssland\/\" class=\"\" rel=\"nofollow noopener\" target=\"_blank\">Ryssland<\/a> vill ha fred\u201d.<\/p>\n<p>Uppmaningen till Trump<\/p>\n<p>Avsl\u00f6jandet fick redan uppr\u00f6rda republikaner att ilskna till ytterligare. Den republikanske senatorn Mitch McConnell har f\u00f6reslagit att Trump borde skaffa nya r\u00e5dgivare.<\/p>\n<p>Den republikanske senatorn Roger Ricker, som \u00e4r ordf\u00f6rande i senatens f\u00f6rsvarsutskott, ger ocks\u00e5 han uttryck f\u00f6r tvivel.<\/p>\n<p>\u201dDen s\u00e5 kallade &#8217;fredsplanen&#8217; har stora problem, och jag \u00e4r v\u00e4ldigt skeptisk till att den kommer skapa fred\u201d.<\/p>\n<p>Den republikanske kongressledamoten <a href=\"https:\/\/x.com\/RepBrianFitz\/status\/1993428150492316095?s=20\" rel=\"nofollow\">Brian Fitzpatrick<\/a> ger uttryck mot misstro gentemot Steve Witkoffs f\u00f6rm\u00e5ga att kunna m\u00e4kla fred, med anledning av det l\u00e4ckta samtalet.<\/p>\n<p>\u201dDet h\u00e4r \u00e4r ett stort problem. Och en av m\u00e5nga anledningar till att dessa l\u00f6jliga sidof\u00f6rhandlingar och hemliga m\u00f6ten m\u00e5ste avslutas. L\u00e5t utrikesminister Marco Rubio g\u00f6ra sitt jobb\u201d.<\/p>\n<p>\u201dBorde f\u00e5 sparken\u201d<\/p>\n<p>Vissa har g\u00e5tt \u00e4nnu l\u00e4ngre.<\/p>\n<p>Den republikanske kongressledamoten Don Bacon menar att samtalet diskvalificerar Witfkoff fr\u00e5n f\u00f6rhandlingarna helt.<\/p>\n<p>\u201dSkulle en betald rysk agent g\u00f6ra mindre \u00e4n han? Han borde f\u00e5 sparken\u201d, skriver han p\u00e5 X.<\/p>\n<p><strong>L\u00c4S MER: <\/strong><a href=\"https:\/\/www.expressen.se\/nyheter\/varlden\/tipsade-ryssland-infor-samtalet-med-trump\/\" class=\"\" rel=\"nofollow noopener\" target=\"_blank\">Tipsade Ryssland inf\u00f6r samtalet med Trump<\/a><strong>L\u00c4S MER: <\/strong><a href=\"https:\/\/www.expressen.se\/nyheter\/varlden\/bildt-tror-fredsavtal-drojer-inga-tecken\/\" class=\"\" rel=\"nofollow noopener\" target=\"_blank\">Bildt tror fredsavtal dr\u00f6jer: \u201dInga tecken\u201d<\/a>Vapenl\u00f6ftet inf\u00f6r alla \u2022\u00a0Se uppmaningen.<\/p>\n","protected":false},"excerpt":{"rendered":"Trumps fredsplan f\u00f6r Ukraina har inte bara f\u00e5tt v\u00e4rldsledare att ilskna till. \u00c4ven inom Republikanerna knorras det. \u201dJag&hellip;\n","protected":false},"author":2,"featured_media":91662,"comment_status":"","ping_status":"","sticky":false,"template":"","format":"standard","meta":{"footnotes":""},"categories":[5],"tags":[22,23,26,27,17,21,24,25,274,202,28,29,15,276,16,18,34,55,31,33,32,30,19,204,20],"class_list":{"0":"post-91661","1":"post","2":"type-post","3":"status-publish","4":"format-standard","5":"has-post-thumbnail","7":"category-rubriker","8":"tag-breaking-news","9":"tag-breakingnews","10":"tag-featured-news","11":"tag-featurednews","12":"tag-headlines","13":"tag-huvudnyheter","14":"tag-latest-news","15":"tag-latestnews","16":"tag-location-ryssland","17":"tag-location-ukraina","18":"tag-main-news","19":"tag-mainnews","20":"tag-news","21":"tag-newsstory-kriget-i-ukraina","22":"tag-nyheter","23":"tag-rubriker","24":"tag-se","25":"tag-sections-varlden","26":"tag-svenska","27":"tag-sverige","28":"tag-sweden","29":"tag-swedish","30":"tag-top-stories","31":"tag-topic-amerikansk-politik","32":"tag-topstories"},"share_on_mastodon":{"url":"https:\/\/pubeurope.com\/@se\/115624209525285845","error":""},"_links":{"self":[{"href":"https:\/\/www.europesays.com\/se\/wp-json\/wp\/v2\/posts\/91661","targetHints":{"allow":["GET"]}}],"collection":[{"href":"https:\/\/www.europesays.com\/se\/wp-json\/wp\/v2\/posts"}],"about":[{"href":"https:\/\/www.europesays.com\/se\/wp-json\/wp\/v2\/types\/post"}],"author":[{"embeddable":true,"href":"https:\/\/www.europesays.com\/se\/wp-json\/wp\/v2\/users\/2"}],"replies":[{"embeddable":true,"href":"https:\/\/www.europesays.com\/se\/wp-json\/wp\/v2\/comments?post=91661"}],"version-history":[{"count":0,"href":"https:\/\/www.europesays.com\/se\/wp-json\/wp\/v2\/posts\/91661\/revisions"}],"wp:featuredmedia":[{"embeddable":true,"href":"https:\/\/www.europesays.com\/se\/wp-json\/wp\/v2\/media\/91662"}],"wp:attachment":[{"href":"https:\/\/www.europesays.com\/se\/wp-json\/wp\/v2\/media?parent=91661"}],"wp:term":[{"taxonomy":"category","embeddable":true,"href":"https:\/\/www.europesays.com\/se\/wp-json\/wp\/v2\/categories?post=91661"},{"taxonomy":"post_tag","embeddable":true,"href":"https:\/\/www.europesays.com\/se\/wp-json\/wp\/v2\/tags?post=91661"}],"curies":[{"name":"wp","href":"https:\/\/api.w.org\/{rel}","templated":true}]}}