{"id":91716,"date":"2025-11-28T01:27:08","date_gmt":"2025-11-28T01:27:08","guid":{"rendered":"https:\/\/www.europesays.com\/se\/91716\/"},"modified":"2025-11-28T01:27:08","modified_gmt":"2025-11-28T01:27:08","slug":"motorola-slapper-snart-nya-moto-g-power-med-rykten-om-nya-fargalternativ","status":"publish","type":"post","link":"https:\/\/www.europesays.com\/se\/91716\/","title":{"rendered":"Motorola sl\u00e4pper snart nya Moto G Power med rykten om nya f\u00e4rgalternativ"},"content":{"rendered":"<p class=\"bodytext\">Ist\u00e4llet rapporterar l\u00e4ckan att dessa bilder visar en ny Moto G Power, vars existens avsl\u00f6jades redan i maj. I slut\u00e4ndan ser Moto G Power och Moto G Stylus ganska lika ut med ett familj\u00e4rt designspr\u00e5k som finns i dussintals nya Moto G- och Edge-serier.<\/p>\n<p class=\"bodytext\">Enheten som visas i f\u00f6rra veckans l\u00e4cka \u00e4r dock en exakt matchning f\u00f6r Moto G Power (2026) reklambilder som Android Headlines <a href=\"http:\/\/www.notebookcheck.net\/Moto-G-2026-and-Moto-G-Power-2026-star-in-first-leaks.1009452.0.html\" target=\"_self\" rel=\"nofollow noopener\">uppdagades i v\u00e5ras<\/a>. Med tanke p\u00e5 att Motorola lanserade Moto G Power (2025) <a href=\"http:\/\/www.notebookcheck.net\/Motorola-Moto-G-Power-2025-launches-with-a-bigger-display-Android-15-but-a-downgraded-processor.946965.0.html\" target=\"_self\" rel=\"nofollow noopener\">i januari<\/a>verkar det mer troligt att vi tittar p\u00e5 dess eftertr\u00e4dare \u00e4n n\u00e5got annat. Om s\u00e5 \u00e4r fallet, har mycket lite f\u00f6r\u00e4ndrats visuellt mellan generationerna, bar uppdaterade f\u00e4rgst\u00e4llningar som de bl\u00e5 och gr\u00e4dde varianter som visas ovan och nedan. Fullst\u00e4ndiga enhetsspecifikationer f\u00f6rblir dock ok\u00e4nda f\u00f6r tillf\u00e4llet.<\/p>\n","protected":false},"excerpt":{"rendered":"Ist\u00e4llet rapporterar l\u00e4ckan att dessa bilder visar en ny Moto G Power, vars existens avsl\u00f6jades redan i maj.&hellip;\n","protected":false},"author":2,"featured_media":91717,"comment_status":"","ping_status":"","sticky":false,"template":"","format":"standard","meta":{"footnotes":""},"categories":[66],"tags":[6565,7083,7084,10600,10601,10602,93,7345,7085,80,78,79,34,7147,31,33,32,30,81,84,83,82],"class_list":{"0":"post-91716","1":"post","2":"type-post","3":"status-publish","4":"format-standard","5":"has-post-thumbnail","7":"category-vetenskap-och-teknik","8":"tag-android","9":"tag-barbar-dator","10":"tag-laptop","11":"tag-moto-g-power","12":"tag-moto-g-power-2026","13":"tag-moto-g-stylus-2026","14":"tag-motorola","15":"tag-motorola-moto","16":"tag-notebook","17":"tag-science","18":"tag-science-and-technology","19":"tag-scienceandtechnology","20":"tag-se","21":"tag-smartphone","22":"tag-svenska","23":"tag-sverige","24":"tag-sweden","25":"tag-swedish","26":"tag-technology","27":"tag-teknik","28":"tag-vetenskap","29":"tag-vetenskapteknik"},"share_on_mastodon":{"url":"https:\/\/pubeurope.com\/@se\/115624728505074893","error":""},"_links":{"self":[{"href":"https:\/\/www.europesays.com\/se\/wp-json\/wp\/v2\/posts\/91716","targetHints":{"allow":["GET"]}}],"collection":[{"href":"https:\/\/www.europesays.com\/se\/wp-json\/wp\/v2\/posts"}],"about":[{"href":"https:\/\/www.europesays.com\/se\/wp-json\/wp\/v2\/types\/post"}],"author":[{"embeddable":true,"href":"https:\/\/www.europesays.com\/se\/wp-json\/wp\/v2\/users\/2"}],"replies":[{"embeddable":true,"href":"https:\/\/www.europesays.com\/se\/wp-json\/wp\/v2\/comments?post=91716"}],"version-history":[{"count":0,"href":"https:\/\/www.europesays.com\/se\/wp-json\/wp\/v2\/posts\/91716\/revisions"}],"wp:featuredmedia":[{"embeddable":true,"href":"https:\/\/www.europesays.com\/se\/wp-json\/wp\/v2\/media\/91717"}],"wp:attachment":[{"href":"https:\/\/www.europesays.com\/se\/wp-json\/wp\/v2\/media?parent=91716"}],"wp:term":[{"taxonomy":"category","embeddable":true,"href":"https:\/\/www.europesays.com\/se\/wp-json\/wp\/v2\/categories?post=91716"},{"taxonomy":"post_tag","embeddable":true,"href":"https:\/\/www.europesays.com\/se\/wp-json\/wp\/v2\/tags?post=91716"}],"curies":[{"name":"wp","href":"https:\/\/api.w.org\/{rel}","templated":true}]}}