{"id":91720,"date":"2025-11-28T01:35:07","date_gmt":"2025-11-28T01:35:07","guid":{"rendered":"https:\/\/www.europesays.com\/se\/91720\/"},"modified":"2025-11-28T01:35:07","modified_gmt":"2025-11-28T01:35:07","slug":"google-news-2","status":"publish","type":"post","link":"https:\/\/www.europesays.com\/se\/91720\/","title":{"rendered":"Google News"},"content":{"rendered":"<ol>\n<li><a href=\"https:\/\/news.google.com\/rss\/articles\/CBMi_gFBVV95cUxNREhGRnNkTVBxcWRHNnFNMGFVYnJoVk9VQnlyV2ZwRlZ4emJDOUJlY1UzZnZsUmktLTMzR1g1azVlTkFmMHdhbG5wMmZTOHE1V1FDYUV5MEdQZzlDZUpWelY5bVhZNU5TQy1KdEZzSlNVcUVzdmlCREtpS1BtdU1RYmNleWdHenBuRV9ZMkd2RlpQR0FQalRrOTJrSGVuVjlNQ3lGMm9yM3Q1TVE5MUg0TFB1SGlVbHM2NFMwQWpDTi1sZ0w5dDBQd1kxQW9NNmJCS3lMZ25XQTFVV1Z6Q0NPeGd3ZUE0S0NMcDlSTnZfNlA1MUROTmk3OTlPOXBSQQ?oc=5\" target=\"_blank\" rel=\"nofollow noopener\">Belastad med f\u00f6r\u00e5ldrad Samsung Exynos-kisel: Galaxy A37 dyker upp i tidiga j\u00e4mf\u00f6relser inf\u00f6r ryktad lansering v\u00e5ren 2026<\/a>&nbsp;&nbsp;https:\/\/www.notebookcheck.se\/Baerbara-datorer-laptops-tester-och-nyheter.69180.0.html<\/li>\n<li><a href=\"https:\/\/news.google.com\/rss\/articles\/CBMikAFBVV95cUxNQ3VSNlFENUxSWlRuZUw5R1hpdEo0T0xDYThJc3ZKMmthZGlSRE1jVHQ4QXl0d0pGN0RnOXBKb2tzbXZCMU9IZ3hyX2FQay1XMWRmQXhVdGhPcVh6aHAyWU9kYlQ2MkpFcmQycl84TEdoWjNfWTh5N0M5cXBVd3VoQjczYWw1akM1MVl1X0dQRGw?oc=5\" target=\"_blank\" rel=\"nofollow noopener\">Varf\u00f6r Samsung aldrig kommer att \u00e5teruppliva serien igen Galaxy A7x?<\/a>&nbsp;&nbsp;Samsung Magazine<\/li>\n<li><a href=\"https:\/\/news.google.com\/rss\/articles\/CBMidEFVX3lxTFBwQkZaZTA1aWhrMGtDRUJLQXk4eHhXbWpyd2VPOFp0NUtIZGRJUTBvWFVFdlV6d2NoS1FLRTNsaFRmamJTdmIyejM2dXZFa1JzMXBnSFVrVF9aOGdqOG1IdFFMcjZZc0dmVHVxdG90SV9vSUx4?oc=5\" target=\"_blank\" rel=\"nofollow noopener\">Galaxy A57 vs. Galaxy A56: Vad kommer att vara annorlunda?<\/a>&nbsp;&nbsp;Samsung Magazine<\/li>\n<li><a href=\"https:\/\/news.google.com\/rss\/articles\/CBMi4AFBVV95cUxNTzlNTV85bENzX2tBcEpkODB0aUxCTmE4OWlHdVBHWjB0ZzN4ajVEa3N0WDdIck5Pb1k2M1BZNEF5dGprM1U2ZGF4Zm5zS0NDM2hKX05DZnZFQlhTaktxWVkzUWVuRFVabkhhdlRvWkxrdUpjZjJITjNaaFgtYUxkYWkySlU5MWFPYV9JYkRwVEZCYWpzVXdiWHFYSUZueFprWkNnTHMycEVFQmpHa3A4YTJUWnhDbVpNOGFFZ21PMmlZTE5zWnJTaE5IS1hWT09qNlBqSUxPMm1ucnI5LVRUcw?oc=5\" target=\"_blank\" rel=\"nofollow noopener\">Samsung Exynos 1680 avsl\u00f6jar sig med Xclipse 550 GPU och 12 GB RAM i en outgiven Galaxy A57 smartphone<\/a>&nbsp;&nbsp;https:\/\/www.notebookcheck.se\/Baerbara-datorer-laptops-tester-och-nyheter.69180.0.html<\/li>\n<li><a href=\"https:\/\/news.google.com\/rss\/articles\/CBMiwwFBVV95cUxOTTkxX2hNcjRORGdjYkVzellHcXpyb2F1c1U4VWQ0OGprUnFKVXA1eFctUm5iektvamVTejNraTVfdC1YR2FuZm9iLVFwcm5adDloeFhYMU40M0MydWhvR2h6NGdsMlhvUjBJbE1CQm5nNlNHSGVTTFZndHhqcFBDeURWVFZhdXdXanhQLU1fTXc3OE5RS1dPWERENGF5Y1gwTWZ4OXNwcFl0NEVDbmhEQ1dDRWdtTkR0dUNmb20welpmdmM?oc=5\" target=\"_blank\" rel=\"nofollow noopener\">Samsung Galaxy A77 landar p\u00e5 Geekbench med kraftfull GPU: Viktiga specifikationer<\/a>&nbsp;&nbsp;https:\/\/www.notebookcheck.se\/Baerbara-datorer-laptops-tester-och-nyheter.69180.0.html<\/li>\n<\/ol>\n","protected":false},"excerpt":{"rendered":"Belastad med f\u00f6r\u00e5ldrad Samsung Exynos-kisel: Galaxy A37 dyker upp i tidiga j\u00e4mf\u00f6relser inf\u00f6r ryktad lansering v\u00e5ren 2026&nbsp;&nbsp;https:\/\/www.notebookcheck.se\/Baerbara-datorer-laptops-tester-och-nyheter.69180.0.html Varf\u00f6r&hellip;\n","protected":false},"author":2,"featured_media":1096,"comment_status":"","ping_status":"","sticky":false,"template":"","format":"standard","meta":{"footnotes":""},"categories":[66],"tags":[80,78,79,34,31,33,32,30,81,84,83,82],"class_list":{"0":"post-91720","1":"post","2":"type-post","3":"status-publish","4":"format-standard","5":"has-post-thumbnail","7":"category-vetenskap-och-teknik","8":"tag-science","9":"tag-science-and-technology","10":"tag-scienceandtechnology","11":"tag-se","12":"tag-svenska","13":"tag-sverige","14":"tag-sweden","15":"tag-swedish","16":"tag-technology","17":"tag-teknik","18":"tag-vetenskap","19":"tag-vetenskapteknik"},"share_on_mastodon":{"url":"https:\/\/pubeurope.com\/@se\/115624759985446029","error":""},"_links":{"self":[{"href":"https:\/\/www.europesays.com\/se\/wp-json\/wp\/v2\/posts\/91720","targetHints":{"allow":["GET"]}}],"collection":[{"href":"https:\/\/www.europesays.com\/se\/wp-json\/wp\/v2\/posts"}],"about":[{"href":"https:\/\/www.europesays.com\/se\/wp-json\/wp\/v2\/types\/post"}],"author":[{"embeddable":true,"href":"https:\/\/www.europesays.com\/se\/wp-json\/wp\/v2\/users\/2"}],"replies":[{"embeddable":true,"href":"https:\/\/www.europesays.com\/se\/wp-json\/wp\/v2\/comments?post=91720"}],"version-history":[{"count":0,"href":"https:\/\/www.europesays.com\/se\/wp-json\/wp\/v2\/posts\/91720\/revisions"}],"wp:featuredmedia":[{"embeddable":true,"href":"https:\/\/www.europesays.com\/se\/wp-json\/wp\/v2\/media\/1096"}],"wp:attachment":[{"href":"https:\/\/www.europesays.com\/se\/wp-json\/wp\/v2\/media?parent=91720"}],"wp:term":[{"taxonomy":"category","embeddable":true,"href":"https:\/\/www.europesays.com\/se\/wp-json\/wp\/v2\/categories?post=91720"},{"taxonomy":"post_tag","embeddable":true,"href":"https:\/\/www.europesays.com\/se\/wp-json\/wp\/v2\/tags?post=91720"}],"curies":[{"name":"wp","href":"https:\/\/api.w.org\/{rel}","templated":true}]}}