{"id":91731,"date":"2025-11-28T01:53:09","date_gmt":"2025-11-28T01:53:09","guid":{"rendered":"https:\/\/www.europesays.com\/se\/91731\/"},"modified":"2025-11-28T01:53:09","modified_gmt":"2025-11-28T01:53:09","slug":"kommer-aldrig-fa-lamna-iran","status":"publish","type":"post","link":"https:\/\/www.europesays.com\/se\/91731\/","title":{"rendered":"Kommer aldrig f\u00e5 l\u00e4mna Iran"},"content":{"rendered":"<p class=\"boxtextgrotesk-root_baa6 hyperion-css-7pajle\">Publicerad 2025-11-27 22.02<\/p>\n<p>share-arrowDela<\/p>\n<p>unsaveSpara<\/p>\n<p>expand-left<\/p>\n<p>helsk\u00e4rm<img decoding=\"async\" class=\"image-asset hyperion-css-u06ts1\" data-test-tag=\"image-asset\" src=\"https:\/\/www.europesays.com\/se\/wp-content\/uploads\/2025\/11\/772eef79-84e9-4a41-a51c-1a2890421a2d\"  alt=\"M\u00e4nniskor\u00e4ttsaktivisten och Nobelprisvinnaren Narges Mohammadi, h\u00e4r p\u00e5 en bild fr\u00e5n 2008, ser dystert p\u00e5 sina m\u00f6jligheter att f\u00e5 bes\u00f6ka sina barn.\"  loading=\"eager\" fetchpriority=\"high\" style=\"aspect-ratio:1900 \/ 1348\"\/>M\u00e4nniskor\u00e4ttsaktivisten och Nobelprisvinnaren Narges Mohammadi, h\u00e4r p\u00e5 en bild fr\u00e5n 2008, ser dystert p\u00e5 sina m\u00f6jligheter att f\u00e5 bes\u00f6ka sina barn. Foto: Vahid Salemi\/AP\/TT<\/p>\n<p class=\"hyperion-css-1shl3oz\" data-test-tag=\"lead-text\">Narges Mohammadi \u00e4r permanent f\u00f6rbjuden att l\u00e4mna Iran. Det s\u00e4ger Nobelprisvinnaren sj\u00e4lv i ett meddelande till sina barn, som bor i Frankrike.<\/p>\n<p class=\"hyperion-css-1v9qo5x\">Narges Mohammadi har inte tr\u00e4ffat sina barn, ton\u00e5riga tvillingarna Kiana och Ali, p\u00e5 elva \u00e5r, och kommer enligt m\u00e4nniskor\u00e4ttsaktivisten sj\u00e4lv inte att g\u00f6ra det p\u00e5 l\u00e4nge.<\/p>\n<p class=\"hyperion-css-1v9qo5x\">\u2013 Jag ans\u00f6kte om ett pass s\u00e5 att jag kunde \u00e5ka och tr\u00e4ffa er, s\u00e4ger hon i en videoh\u00e4lsning som nyhetsbyr\u00e5n AFP tagit del av.<\/p>\n<p class=\"hyperion-css-1v9qo5x\">Men, s\u00e4ger hon, \u201dden islamiska republiken har utf\u00e4rdat och uppr\u00e4tth\u00e5llit tv\u00e5 typer av resef\u00f6rbud, inklusive ett som g\u00e4ller f\u00f6r evigt\u201d.<\/p>\n<p class=\"hyperion-css-1v9qo5x\">Hon s\u00e4ger att myndigheterna st\u00e4mplat ordet \u201dpermanent\u201d p\u00e5 hennes ans\u00f6kningshandlingar, \u201dmedan de sj\u00e4lva varje dag lever i fruktan att (regimens) fall oundvikligen kommer efter det iranska folkets ingripande\u201d.<\/p>\n<p class=\"hyperion-css-1v9qo5x\">53-\u00e5riga Narges Mohammadi tilldelades Nobels fredspris 2023 f\u00f6r sin kamp f\u00f6r kvinnors och m\u00e4nskliga r\u00e4ttigheter i sitt hemland. Hon har tillbringat stora delar av de senaste tio \u00e5ren i det \u00f6k\u00e4nda Evinf\u00e4ngelset i Teheran, men fick i december i fjol en tidsbegr\u00e4nsad sjukv\u00e5rdspermission, och lever \u00e4nnu utanf\u00f6r f\u00e4ngelset.<\/p>\n<p class=\"hyperion-css-1v9qo5x\">Hennes advokater har varnat f\u00f6r att hon riskerar att skickas tillbaka n\u00e4r som helst.<\/p>\n<p class=\"hyperion-css-1v9qo5x\">De 19-\u00e5riga tvillingarna bor i Paris med sin far, Narges Mohammadis make, och tog emot hennes Nobelpris i Oslo 2023, som hon fick f\u00f6r sitt \u00f6ver 20 \u00e5r l\u00e5nga arbete f\u00f6r kvinnors r\u00e4ttigheter i Iran.<\/p>\n<p class=\"hyperion-css-1v9qo5x\">AFP har inte kunnat verifiera uppgifterna om nya utf\u00e4rdanden av olika utresef\u00f6rbud.<\/p>\n","protected":false},"excerpt":{"rendered":"Publicerad 2025-11-27 22.02 share-arrowDela unsaveSpara expand-left helsk\u00e4rmM\u00e4nniskor\u00e4ttsaktivisten och Nobelprisvinnaren Narges Mohammadi, h\u00e4r p\u00e5 en bild fr\u00e5n 2008, ser&hellip;\n","protected":false},"author":2,"featured_media":91732,"comment_status":"","ping_status":"","sticky":false,"template":"","format":"standard","meta":{"footnotes":""},"categories":[14],"tags":[22,23,26,27,17,21,24,25,28,29,15,16,18,34,31,33,32,30,19,20,51,52,53,54],"class_list":{"0":"post-91731","1":"post","2":"type-post","3":"status-publish","4":"format-standard","5":"has-post-thumbnail","7":"category-varlden","8":"tag-breaking-news","9":"tag-breakingnews","10":"tag-featured-news","11":"tag-featurednews","12":"tag-headlines","13":"tag-huvudnyheter","14":"tag-latest-news","15":"tag-latestnews","16":"tag-main-news","17":"tag-mainnews","18":"tag-news","19":"tag-nyheter","20":"tag-rubriker","21":"tag-se","22":"tag-svenska","23":"tag-sverige","24":"tag-sweden","25":"tag-swedish","26":"tag-top-stories","27":"tag-topstories","28":"tag-varlden","29":"tag-world","30":"tag-world-news","31":"tag-worldnews"},"share_on_mastodon":{"url":"https:\/\/pubeurope.com\/@se\/115624830939683452","error":""},"_links":{"self":[{"href":"https:\/\/www.europesays.com\/se\/wp-json\/wp\/v2\/posts\/91731","targetHints":{"allow":["GET"]}}],"collection":[{"href":"https:\/\/www.europesays.com\/se\/wp-json\/wp\/v2\/posts"}],"about":[{"href":"https:\/\/www.europesays.com\/se\/wp-json\/wp\/v2\/types\/post"}],"author":[{"embeddable":true,"href":"https:\/\/www.europesays.com\/se\/wp-json\/wp\/v2\/users\/2"}],"replies":[{"embeddable":true,"href":"https:\/\/www.europesays.com\/se\/wp-json\/wp\/v2\/comments?post=91731"}],"version-history":[{"count":0,"href":"https:\/\/www.europesays.com\/se\/wp-json\/wp\/v2\/posts\/91731\/revisions"}],"wp:featuredmedia":[{"embeddable":true,"href":"https:\/\/www.europesays.com\/se\/wp-json\/wp\/v2\/media\/91732"}],"wp:attachment":[{"href":"https:\/\/www.europesays.com\/se\/wp-json\/wp\/v2\/media?parent=91731"}],"wp:term":[{"taxonomy":"category","embeddable":true,"href":"https:\/\/www.europesays.com\/se\/wp-json\/wp\/v2\/categories?post=91731"},{"taxonomy":"post_tag","embeddable":true,"href":"https:\/\/www.europesays.com\/se\/wp-json\/wp\/v2\/tags?post=91731"}],"curies":[{"name":"wp","href":"https:\/\/api.w.org\/{rel}","templated":true}]}}