{"id":91742,"date":"2025-11-28T03:53:29","date_gmt":"2025-11-28T03:53:29","guid":{"rendered":"https:\/\/www.europesays.com\/se\/91742\/"},"modified":"2025-11-28T03:53:29","modified_gmt":"2025-11-28T03:53:29","slug":"riks-europe-profil-kopplad-till-rysk-statlig-propaganda","status":"publish","type":"post","link":"https:\/\/www.europesays.com\/se\/91742\/","title":{"rendered":"Riks Europe-profil kopplad till rysk statlig propaganda"},"content":{"rendered":"<p class=\"css-176tai ek7mua12\"><a rel=\"noopener noreferrer nofollow\" target=\"_blank\" href=\"https:\/\/www.svt.se\/nyheter\/inrikes\/riks-profil-deltog-i-rysk-statspropaganda-en-valdigt-dum-grej\">SVT Verifierar rapporterar i dag<\/a> att en av de mest flitigt f\u00f6rekommande profilerna p\u00e5 Youtube-kanalen Riks Europe, som \u00e4r en del av tidigare SD-\u00e4gda SD Riks, har medverkat i ryska statliga RT. Riks chefredakt\u00f6r <strong>Jacob Hagnell <\/strong>s\u00e4ger sig ha varit ovetande om uppgifterna.<\/p>\n<p class=\"css-176tai ek7mua12\">Den aktuella profilen, som anv\u00e4nder det p\u00e5hittade namnet <strong>Scarlett Karoleva<\/strong>, har under h\u00f6sten synts i ett RT-program d\u00e4r hon framf\u00f6rde kritik mot EU:s agerande i Ukraina. Parallellt har hon p\u00e5 sociala medier spridit anklagelser om valfusk i Moldavien, vilket experter anser \u00e4r en del av en rysk p\u00e5verkanskampanj.<\/p>\n<p class=\"css-176tai ek7mua12\">Karoleva har varit en \u00e5terkommande programledare p\u00e5 Riks Europe, men enligt Hagnell avslutades samarbetet i b\u00f6rjan av oktober i samband med en omorganisation. Trots detta har inslag med Karoleva fortsatt att publiceras p\u00e5 kanalen.<\/p>\n<p class=\"css-176tai ek7mua12\">SVT, som har granskat \u201dScarlett Karoleva\u201d tillsammans med moldaviska journalister, har \u00e4ven kunnat rapportera att hon har anv\u00e4nt flera olika namn.<\/p>\n","protected":false},"excerpt":{"rendered":"SVT Verifierar rapporterar i dag att en av de mest flitigt f\u00f6rekommande profilerna p\u00e5 Youtube-kanalen Riks Europe, som&hellip;\n","protected":false},"author":2,"featured_media":91743,"comment_status":"","ping_status":"","sticky":false,"template":"","format":"standard","meta":{"footnotes":""},"categories":[14],"tags":[22,23,26,27,17,21,24,25,28,29,15,16,18,34,31,33,32,30,19,20,51,52,53,54],"class_list":{"0":"post-91742","1":"post","2":"type-post","3":"status-publish","4":"format-standard","5":"has-post-thumbnail","7":"category-varlden","8":"tag-breaking-news","9":"tag-breakingnews","10":"tag-featured-news","11":"tag-featurednews","12":"tag-headlines","13":"tag-huvudnyheter","14":"tag-latest-news","15":"tag-latestnews","16":"tag-main-news","17":"tag-mainnews","18":"tag-news","19":"tag-nyheter","20":"tag-rubriker","21":"tag-se","22":"tag-svenska","23":"tag-sverige","24":"tag-sweden","25":"tag-swedish","26":"tag-top-stories","27":"tag-topstories","28":"tag-varlden","29":"tag-world","30":"tag-world-news","31":"tag-worldnews"},"share_on_mastodon":{"url":"https:\/\/pubeurope.com\/@se\/115625302657263486","error":""},"_links":{"self":[{"href":"https:\/\/www.europesays.com\/se\/wp-json\/wp\/v2\/posts\/91742","targetHints":{"allow":["GET"]}}],"collection":[{"href":"https:\/\/www.europesays.com\/se\/wp-json\/wp\/v2\/posts"}],"about":[{"href":"https:\/\/www.europesays.com\/se\/wp-json\/wp\/v2\/types\/post"}],"author":[{"embeddable":true,"href":"https:\/\/www.europesays.com\/se\/wp-json\/wp\/v2\/users\/2"}],"replies":[{"embeddable":true,"href":"https:\/\/www.europesays.com\/se\/wp-json\/wp\/v2\/comments?post=91742"}],"version-history":[{"count":0,"href":"https:\/\/www.europesays.com\/se\/wp-json\/wp\/v2\/posts\/91742\/revisions"}],"wp:featuredmedia":[{"embeddable":true,"href":"https:\/\/www.europesays.com\/se\/wp-json\/wp\/v2\/media\/91743"}],"wp:attachment":[{"href":"https:\/\/www.europesays.com\/se\/wp-json\/wp\/v2\/media?parent=91742"}],"wp:term":[{"taxonomy":"category","embeddable":true,"href":"https:\/\/www.europesays.com\/se\/wp-json\/wp\/v2\/categories?post=91742"},{"taxonomy":"post_tag","embeddable":true,"href":"https:\/\/www.europesays.com\/se\/wp-json\/wp\/v2\/tags?post=91742"}],"curies":[{"name":"wp","href":"https:\/\/api.w.org\/{rel}","templated":true}]}}