{"id":91760,"date":"2025-11-28T04:38:11","date_gmt":"2025-11-28T04:38:11","guid":{"rendered":"https:\/\/www.europesays.com\/se\/91760\/"},"modified":"2025-11-28T04:38:11","modified_gmt":"2025-11-28T04:38:11","slug":"en-flytt-inom-sverige-ar-inte-aktuellt","status":"publish","type":"post","link":"https:\/\/www.europesays.com\/se\/91760\/","title":{"rendered":"En flytt inom Sverige \u00e4r inte aktuellt"},"content":{"rendered":"<p><strong>Isak Bjerkebo har gjort stor succ\u00e9 i ett IK Sirius som ryckte upp sig rej\u00e4lt under h\u00f6sten. <br \/>Nu bekr\u00e4ftar den 22-\u00e5rige yttern att det finns utl\u00e4ndskt intresse f\u00f6r honom. <br \/>\u2013 Jag fokuserar mest p\u00e5 utlandet, kanske n\u00e5gon bra klubb som satsar p\u00e5 unga, s\u00e4ger han till <a href=\"https:\/\/www.svt.se\/sport\/fotboll\/bjerkebo-bekraftar-kan-lamna-sirius-finns-intresse\" rel=\"nofollow noopener\" target=\"_blank\">SVT<\/a>. <\/strong><\/p>\n<p><img loading=\"lazy\" decoding=\"async\" width=\"1024\" height=\"576\" src=\"https:\/\/www.europesays.com\/se\/wp-content\/uploads\/2025\/11\/isak_bje-1024x576.jpg\" alt=\"\" class=\"wp-image-345059\"  \/>Foto: Bildbyr\u00e5n<\/p>\n<p>Det var inf\u00f6r \u00e5rets allsvenska s\u00e4song som <strong>Isak Bjerkebo<\/strong>, 22, ansl\u00f6t till <a href=\"https:\/\/fotbolldirekt.se\/klubb\/ik-sirius\/\" rel=\"nofollow noopener\" target=\"_blank\">IK Sirius<\/a> d\u00e5 han l\u00e4mnade <a href=\"https:\/\/fotbolldirekt.se\/klubb\/varbergs-bois\/\" rel=\"nofollow noopener\" target=\"_blank\">Varbergs Bois<\/a>. <\/p>\n<p>Sedan dess har yttermittf\u00e4ltaren gjort sju m\u00e5l och fyra assist p\u00e5 29 matcher \u2013 d\u00e4r \u00e5tta av dessa kom under \u00e5rets tio sista matcher. <\/p>\n<p>Nu ber\u00e4ttar 22-\u00e5ringen att han sj\u00e4lv \u00e4r n\u00f6jd med sin s\u00e4song. <\/p>\n<p>\u2013 Ja, man vill ju inte sitta och skryta om sig sj\u00e4lv. Men jag tycker att, med den h\u00f6sten d\u00e4r jag gjorde \u00e5tta po\u00e4ng p\u00e5 de tio sista matcherna, s\u00e5 har jag varit en tongivande spelare i laget. Lite, lite har det kanske snackats om mig, men samtidigt \u00e4r det 30 matcher p\u00e5 en s\u00e4song. <strong>Ser man d\u00e4remot till de sista tio matcherna kanske jag f\u00f6rtj\u00e4nar lite mer hajp<\/strong>, s\u00e4ger han till\u00a0<a href=\"https:\/\/www.svt.se\/sport\/fotboll\/bjerkebo-bekraftar-kan-lamna-sirius-finns-intresse\" rel=\"nofollow noopener\" target=\"_blank\">SVT<\/a>. <\/p>\n<p>Vidare ber\u00e4ttar Bjerkebo att det finns m\u00f6jlighet f\u00f6r honom att flytta utomlands. <\/p>\n<p>\u2013 Jag fokuserar mest p\u00e5 utlandet, kanske n\u00e5gon bra klubb som satsar p\u00e5 unga. <strong>En flytt inom Sverige \u00e4r inte aktuellt<\/strong>. Jag \u00e4r p\u00e5 s\u00e5 bra plats i Sirius att om det \u00e4r n\u00e5gonstans jag ska r\u00f6ra mig s\u00e5 \u00e4r det bara utomlands, s\u00e4ger han och po\u00e4ngterar att han inte beh\u00f6ver r\u00f6ra p\u00e5 sig i vinter. <\/p>\n<p>\u2013 Jag har ocks\u00e5 all respekt f\u00f6r vad Sirius vill i detta. De kommer absolut ha sista ordet, vill de h\u00e5lla kvar mig h\u00e4r och att jag ska utvecklas s\u00e5 kommer jag inte att bli arg, avslutar Isak Bjerkebo. <\/p>\n<p>Bjerkebos avtal med IK Sirius str\u00e4cker sig \u00f6ver s\u00e4songen 2029.<\/p>\n","protected":false},"excerpt":{"rendered":"Isak Bjerkebo har gjort stor succ\u00e9 i ett IK Sirius som ryckte upp sig rej\u00e4lt under h\u00f6sten. Nu&hellip;\n","protected":false},"author":2,"featured_media":91761,"comment_status":"","ping_status":"","sticky":false,"template":"","format":"standard","meta":{"footnotes":""},"categories":[68],"tags":[353,34,111,110,31,33,32,30],"class_list":{"0":"post-91760","1":"post","2":"type-post","3":"status-publish","4":"format-standard","5":"has-post-thumbnail","7":"category-sport","8":"tag-forsta-trean","9":"tag-se","10":"tag-sport","11":"tag-sports","12":"tag-svenska","13":"tag-sverige","14":"tag-sweden","15":"tag-swedish"},"share_on_mastodon":{"url":"https:\/\/pubeurope.com\/@se\/115625479772708797","error":""},"_links":{"self":[{"href":"https:\/\/www.europesays.com\/se\/wp-json\/wp\/v2\/posts\/91760","targetHints":{"allow":["GET"]}}],"collection":[{"href":"https:\/\/www.europesays.com\/se\/wp-json\/wp\/v2\/posts"}],"about":[{"href":"https:\/\/www.europesays.com\/se\/wp-json\/wp\/v2\/types\/post"}],"author":[{"embeddable":true,"href":"https:\/\/www.europesays.com\/se\/wp-json\/wp\/v2\/users\/2"}],"replies":[{"embeddable":true,"href":"https:\/\/www.europesays.com\/se\/wp-json\/wp\/v2\/comments?post=91760"}],"version-history":[{"count":0,"href":"https:\/\/www.europesays.com\/se\/wp-json\/wp\/v2\/posts\/91760\/revisions"}],"wp:featuredmedia":[{"embeddable":true,"href":"https:\/\/www.europesays.com\/se\/wp-json\/wp\/v2\/media\/91761"}],"wp:attachment":[{"href":"https:\/\/www.europesays.com\/se\/wp-json\/wp\/v2\/media?parent=91760"}],"wp:term":[{"taxonomy":"category","embeddable":true,"href":"https:\/\/www.europesays.com\/se\/wp-json\/wp\/v2\/categories?post=91760"},{"taxonomy":"post_tag","embeddable":true,"href":"https:\/\/www.europesays.com\/se\/wp-json\/wp\/v2\/tags?post=91760"}],"curies":[{"name":"wp","href":"https:\/\/api.w.org\/{rel}","templated":true}]}}