{"id":91784,"date":"2025-11-28T05:30:42","date_gmt":"2025-11-28T05:30:42","guid":{"rendered":"https:\/\/www.europesays.com\/se\/91784\/"},"modified":"2025-11-28T05:30:42","modified_gmt":"2025-11-28T05:30:42","slug":"slutar-strida-om-ukraina-drar-sig-tillbaka","status":"publish","type":"post","link":"https:\/\/www.europesays.com\/se\/91784\/","title":{"rendered":"Slutar strida om Ukraina drar sig tillbaka"},"content":{"rendered":"<p class=\"boxtextgrotesk-root_baa6 hyperion-css-7pajle\">Publicerad 2025-11-27 15.10<\/p>\n<p>share-arrowDela<\/p>\n<p>unsaveSpara<\/p>\n<p>expand-left<\/p>\n<p>helsk\u00e4rm<img decoding=\"async\" class=\"image-asset hyperion-css-u06ts1\" data-test-tag=\"image-asset\" src=\"https:\/\/www.europesays.com\/se\/wp-content\/uploads\/2025\/11\/6a8a91ef-7e8b-41d7-8701-51f9815d235a\"  alt=\"Rysslands president Vladimir Putin i Kirgizistan p\u00e5 torsdagen.\"  loading=\"eager\" fetchpriority=\"high\" style=\"aspect-ratio:1900 \/ 1267\"\/>Rysslands president Vladimir Putin i Kirgizistan p\u00e5 torsdagen. Foto: Aleksandr Kazakov\/Kreml, Pool Via AP\/TT<\/p>\n<p class=\"hyperion-css-1shl3oz\" data-test-tag=\"lead-text\">Ryssland kommer att sluta strida n\u00e4r Ukraina drar sig tillbaka fr\u00e5n omr\u00e5den som Moskva g\u00f6r anspr\u00e5k p\u00e5, enligt Rysslands president Vladimir Putin.<\/p>\n<p class=\"hyperion-css-1v9qo5x\">\u2013 Om de ukrainska styrkorna l\u00e4mnar de territorier de kontrollerar kommer vi att avsluta stridsoperationerna, s\u00e4ger han under ett bes\u00f6k i Kirgizistan.<\/p>\n<p class=\"hyperion-css-1v9qo5x\">\u2013 Om de inte g\u00f6r det, kommer vi att uppn\u00e5 det med milit\u00e4ra medel.<\/p>\n<p class=\"hyperion-css-1v9qo5x\">USA:s fredsplan kan anv\u00e4ndas som en grund f\u00f6r framtida \u00f6verenskommelser, men flera fr\u00e5gor \u00e5terst\u00e5r, s\u00e4ger Putin.<\/p>\n<p class=\"hyperion-css-1v9qo5x\">Det \u00e4r f\u00f6rsta g\u00e5ngen den ryske presidenten har talat offentligt om USA:s fredsplan.<\/p>\n","protected":false},"excerpt":{"rendered":"Publicerad 2025-11-27 15.10 share-arrowDela unsaveSpara expand-left helsk\u00e4rmRysslands president Vladimir Putin i Kirgizistan p\u00e5 torsdagen. Foto: Aleksandr Kazakov\/Kreml, Pool&hellip;\n","protected":false},"author":2,"featured_media":91785,"comment_status":"","ping_status":"","sticky":false,"template":"","format":"standard","meta":{"footnotes":""},"categories":[14],"tags":[22,23,26,27,17,21,24,25,28,29,15,16,18,34,31,33,32,30,19,20,51,52,53,54],"class_list":{"0":"post-91784","1":"post","2":"type-post","3":"status-publish","4":"format-standard","5":"has-post-thumbnail","7":"category-varlden","8":"tag-breaking-news","9":"tag-breakingnews","10":"tag-featured-news","11":"tag-featurednews","12":"tag-headlines","13":"tag-huvudnyheter","14":"tag-latest-news","15":"tag-latestnews","16":"tag-main-news","17":"tag-mainnews","18":"tag-news","19":"tag-nyheter","20":"tag-rubriker","21":"tag-se","22":"tag-svenska","23":"tag-sverige","24":"tag-sweden","25":"tag-swedish","26":"tag-top-stories","27":"tag-topstories","28":"tag-varlden","29":"tag-world","30":"tag-world-news","31":"tag-worldnews"},"share_on_mastodon":{"url":"https:\/\/pubeurope.com\/@se\/115625684473661133","error":""},"_links":{"self":[{"href":"https:\/\/www.europesays.com\/se\/wp-json\/wp\/v2\/posts\/91784","targetHints":{"allow":["GET"]}}],"collection":[{"href":"https:\/\/www.europesays.com\/se\/wp-json\/wp\/v2\/posts"}],"about":[{"href":"https:\/\/www.europesays.com\/se\/wp-json\/wp\/v2\/types\/post"}],"author":[{"embeddable":true,"href":"https:\/\/www.europesays.com\/se\/wp-json\/wp\/v2\/users\/2"}],"replies":[{"embeddable":true,"href":"https:\/\/www.europesays.com\/se\/wp-json\/wp\/v2\/comments?post=91784"}],"version-history":[{"count":0,"href":"https:\/\/www.europesays.com\/se\/wp-json\/wp\/v2\/posts\/91784\/revisions"}],"wp:featuredmedia":[{"embeddable":true,"href":"https:\/\/www.europesays.com\/se\/wp-json\/wp\/v2\/media\/91785"}],"wp:attachment":[{"href":"https:\/\/www.europesays.com\/se\/wp-json\/wp\/v2\/media?parent=91784"}],"wp:term":[{"taxonomy":"category","embeddable":true,"href":"https:\/\/www.europesays.com\/se\/wp-json\/wp\/v2\/categories?post=91784"},{"taxonomy":"post_tag","embeddable":true,"href":"https:\/\/www.europesays.com\/se\/wp-json\/wp\/v2\/tags?post=91784"}],"curies":[{"name":"wp","href":"https:\/\/api.w.org\/{rel}","templated":true}]}}