{"id":91788,"date":"2025-11-28T05:39:14","date_gmt":"2025-11-28T05:39:14","guid":{"rendered":"https:\/\/www.europesays.com\/se\/91788\/"},"modified":"2025-11-28T05:39:14","modified_gmt":"2025-11-28T05:39:14","slug":"over-80-doda-efter-oversvamningar-i-thailand","status":"publish","type":"post","link":"https:\/\/www.europesays.com\/se\/91788\/","title":{"rendered":"\u00d6ver 80 d\u00f6da efter \u00f6versv\u00e4mningar i Thailand"},"content":{"rendered":"<p class=\"boxtextgrotesk-root_baa6 hyperion-css-7pajle\">Publicerad 2025-11-27 13.27<\/p>\n<p>share-arrowDela<\/p>\n<p>unsaveSpara<\/p>\n<p>expand-left<\/p>\n<p>helsk\u00e4rm<img decoding=\"async\" class=\"image-asset hyperion-css-u06ts1\" data-test-tag=\"image-asset\" src=\"https:\/\/www.europesays.com\/se\/wp-content\/uploads\/2025\/11\/93fd793f-332d-4f90-a073-892f24e3731b\"  alt=\"En \u00f6versv\u00e4mmad v\u00e4g i provinsen Songkhla. Bilden \u00e4r fr\u00e5n torsdagen.\"  loading=\"eager\" fetchpriority=\"high\" style=\"aspect-ratio:1900 \/ 1267\"\/>En \u00f6versv\u00e4mmad v\u00e4g i provinsen Songkhla. Bilden \u00e4r fr\u00e5n torsdagen. Foto: Sarot Meksophawannakul\/AP\/TT<\/p>\n<p class=\"hyperion-css-1shl3oz\" data-test-tag=\"lead-text\">D\u00f6dssiffran efter de omfattande \u00f6versv\u00e4mningarna i s\u00f6dra Thailand stiger.<\/p>\n<p class=\"hyperion-css-1v9qo5x\">Minst 82 personer har bekr\u00e4ftats omkomna i vattenmassorna efter ett kraftigt regnov\u00e4der.<\/p>\n<p class=\"hyperion-css-1v9qo5x\">Myndigheterna bed\u00f6mer att omkring en miljon hush\u00e5ll, eller \u00f6ver tre miljoner m\u00e4nniskor, har drabbats av \u00f6versv\u00e4mningarna.<\/p>\n<p class=\"hyperion-css-1v9qo5x\">Under torsdagen har vattenmassorna b\u00f6rjat sjunka undan i flera provinser, men niv\u00e5erna \u00e4r fortfarande h\u00f6ga i bland annat Pattani och Nakhon Si Thammarat.<\/p>\n","protected":false},"excerpt":{"rendered":"Publicerad 2025-11-27 13.27 share-arrowDela unsaveSpara expand-left helsk\u00e4rmEn \u00f6versv\u00e4mmad v\u00e4g i provinsen Songkhla. Bilden \u00e4r fr\u00e5n torsdagen. Foto: Sarot&hellip;\n","protected":false},"author":2,"featured_media":91789,"comment_status":"","ping_status":"","sticky":false,"template":"","format":"standard","meta":{"footnotes":""},"categories":[14],"tags":[22,23,26,27,17,21,24,25,28,29,15,16,18,34,31,33,32,30,19,20,51,52,53,54],"class_list":{"0":"post-91788","1":"post","2":"type-post","3":"status-publish","4":"format-standard","5":"has-post-thumbnail","7":"category-varlden","8":"tag-breaking-news","9":"tag-breakingnews","10":"tag-featured-news","11":"tag-featurednews","12":"tag-headlines","13":"tag-huvudnyheter","14":"tag-latest-news","15":"tag-latestnews","16":"tag-main-news","17":"tag-mainnews","18":"tag-news","19":"tag-nyheter","20":"tag-rubriker","21":"tag-se","22":"tag-svenska","23":"tag-sverige","24":"tag-sweden","25":"tag-swedish","26":"tag-top-stories","27":"tag-topstories","28":"tag-varlden","29":"tag-world","30":"tag-world-news","31":"tag-worldnews"},"share_on_mastodon":{"url":"https:\/\/pubeurope.com\/@se\/115625719590273542","error":""},"_links":{"self":[{"href":"https:\/\/www.europesays.com\/se\/wp-json\/wp\/v2\/posts\/91788","targetHints":{"allow":["GET"]}}],"collection":[{"href":"https:\/\/www.europesays.com\/se\/wp-json\/wp\/v2\/posts"}],"about":[{"href":"https:\/\/www.europesays.com\/se\/wp-json\/wp\/v2\/types\/post"}],"author":[{"embeddable":true,"href":"https:\/\/www.europesays.com\/se\/wp-json\/wp\/v2\/users\/2"}],"replies":[{"embeddable":true,"href":"https:\/\/www.europesays.com\/se\/wp-json\/wp\/v2\/comments?post=91788"}],"version-history":[{"count":0,"href":"https:\/\/www.europesays.com\/se\/wp-json\/wp\/v2\/posts\/91788\/revisions"}],"wp:featuredmedia":[{"embeddable":true,"href":"https:\/\/www.europesays.com\/se\/wp-json\/wp\/v2\/media\/91789"}],"wp:attachment":[{"href":"https:\/\/www.europesays.com\/se\/wp-json\/wp\/v2\/media?parent=91788"}],"wp:term":[{"taxonomy":"category","embeddable":true,"href":"https:\/\/www.europesays.com\/se\/wp-json\/wp\/v2\/categories?post=91788"},{"taxonomy":"post_tag","embeddable":true,"href":"https:\/\/www.europesays.com\/se\/wp-json\/wp\/v2\/tags?post=91788"}],"curies":[{"name":"wp","href":"https:\/\/api.w.org\/{rel}","templated":true}]}}