{"id":91793,"date":"2025-11-28T06:03:30","date_gmt":"2025-11-28T06:03:30","guid":{"rendered":"https:\/\/www.europesays.com\/se\/91793\/"},"modified":"2025-11-28T06:03:30","modified_gmt":"2025-11-28T06:03:30","slug":"republikaner-slar-bakut-mot-trump-allvarliga-problem","status":"publish","type":"post","link":"https:\/\/www.europesays.com\/se\/91793\/","title":{"rendered":"Republikaner sl\u00e5r bakut mot Trump: \u201cAllvarliga problem\u201d"},"content":{"rendered":"<p>Det uppger Ukrainas milit\u00e4ra underr\u00e4ttelsetj\u00e4nst HUR efter att ha g\u00e5tt ut med avlyssnade telefonsamtal som beskriver katastrofala ryska f\u00f6rluster i den aktuella skogen.<\/p>\n<p>I en av inspelningarna h\u00f6rs bland annat en rysk soldat varna en annan om att det i praktiken \u00e4r en d\u00f6dsdom att placeras i den serebrjanska sektorn, rapporterar Kyiv Post.<\/p>\n<p>\u2013 Du g\u00e5r in i skogen och d\u00e4r ligger det ena liket ovanp\u00e5 det andra, s\u00e4ger soldaten.<\/p>\n<p><b>&#8221;Kommer ut i en liks\u00e4ck&#8221;<\/b><\/p>\n<p>Den avlyssnade soldaten talar om \u201cdussintals\u201d kroppar som ligger utspridda i skogen. M\u00e5nga har en sak gemensamt: de b\u00e4r m\u00e4rket f\u00f6r den ryska bataljonen Vostok.<\/p>\n<p>\u2013 Alla grabbarna som ligger d\u00e4r har samma m\u00e4rke, det d\u00e4r j\u00e4vla Vostok, s\u00e4ger samma soldat enligt rapporten.<\/p>\n<p>I inspelningen framg\u00e5r ocks\u00e5 att soldaten uppger att ett helt kompani, enligt uppgift best\u00e5ende av 200 personer, ska ha utpl\u00e5nats i skogen.<\/p>\n<p>Enligt den ryska krigaren \u00e4r det \u201c100 procents chans att du kommer ut i en liks\u00e4ck\u201d.<\/p>\n<p><b>Uppmanar ryssarna<\/b><\/p>\n<p>Enligt HUR har ryssarna, som g\u00e5ng efter annan f\u00f6rs\u00f6kt avancera genom den skogst\u00e4ta terr\u00e4ngen, slagits tillbaka av ukrainska motattacker.\u00a0<\/p>\n<p>N\u00e5gra detaljer om striderna framg\u00e5r inte. D\u00e4remot har den ukrainska underr\u00e4ttelsetj\u00e4nsten g\u00e5tt ut med en uppmaning till ryska soldater som inte vill sluta som \u201c\u00e4nnu ett lik\u201d i omr\u00e5det. <\/p>\n<p>Dessa soldater kan kontakta kapitulationslinjen \u201cJag vill leva\u201d, ett ukrainskt initiativ som ger instruktioner och garantier f\u00f6r ryska soldater som v\u00e4ljer att \u00f6verl\u00e4mna sig till Ukraina.<\/p>\n<p>L\u00c4S MER: <a style=\"color: #0000ff;\" href=\"https:\/\/ekonomibladet.se\/ukrainska-elitstyrkor-slar-tillbaka\/\" rel=\"nofollow noopener\" target=\"_blank\">Ukrainska elitstyrkor sl\u00e5r tillbaka<\/a><\/p>\n<p><b>Skickar ut kockar i strid<\/b><\/p>\n<p>HUR:s avlyssnade samtal uppges \u00e4ven skildra allt s\u00e4mre f\u00f6rh\u00e5llanden inom den ryska milit\u00e4ren. Exempelvis har underr\u00e4ttelsetj\u00e4nsten snappat upp klagom\u00e5l p\u00e5 grundl\u00e4ggande f\u00f6rn\u00f6denheter, men man har \u00e4ven h\u00f6rt hur soldater medger att all m\u00f6jlig personal, till och med kockar, skickas ut f\u00f6r att strida till fots.<\/p>\n<p>\u2013 De \u00e4r alla verkliga \u00e4ven om de kan verka galna, s\u00e4ger \u201cMaria\u201d, som jobbar som professionell avlyssnare p\u00e5 HUR, om samtalen, till Kyiv Post.<\/p>\n<p>\u2013 Ibland kan jag inte tro p\u00e5 orden jag h\u00f6r sj\u00e4lv, men det \u00e4r vad det \u00e4r.\u00a0<\/p>\n<p>L\u00c4S MER: <a style=\"color: #0000ff;\" href=\"https:\/\/ekonomibladet.se\/flygplan-forstorda-enorm-prestigeforlust-for-putin\/\" rel=\"nofollow noopener\" target=\"_blank\">Flygplan f\u00f6rst\u00f6rda \u2013 enorm prestigef\u00f6rlust f\u00f6r Putin<\/a><\/p>\n<p>Foto: P. Langwallner resp President of Russia Office<\/p>\n<p>Text: Redaktionen<\/p>\n","protected":false},"excerpt":{"rendered":"Det uppger Ukrainas milit\u00e4ra underr\u00e4ttelsetj\u00e4nst HUR efter att ha g\u00e5tt ut med avlyssnade telefonsamtal som beskriver katastrofala ryska&hellip;\n","protected":false},"author":2,"featured_media":91794,"comment_status":"","ping_status":"","sticky":false,"template":"","format":"standard","meta":{"footnotes":""},"categories":[14],"tags":[22,23,26,27,17,21,24,25,28,29,15,16,18,34,31,33,32,30,19,20,51,52,53,54],"class_list":{"0":"post-91793","1":"post","2":"type-post","3":"status-publish","4":"format-standard","5":"has-post-thumbnail","7":"category-varlden","8":"tag-breaking-news","9":"tag-breakingnews","10":"tag-featured-news","11":"tag-featurednews","12":"tag-headlines","13":"tag-huvudnyheter","14":"tag-latest-news","15":"tag-latestnews","16":"tag-main-news","17":"tag-mainnews","18":"tag-news","19":"tag-nyheter","20":"tag-rubriker","21":"tag-se","22":"tag-svenska","23":"tag-sverige","24":"tag-sweden","25":"tag-swedish","26":"tag-top-stories","27":"tag-topstories","28":"tag-varlden","29":"tag-world","30":"tag-world-news","31":"tag-worldnews"},"share_on_mastodon":{"url":"https:\/\/pubeurope.com\/@se\/115625813818844243","error":""},"_links":{"self":[{"href":"https:\/\/www.europesays.com\/se\/wp-json\/wp\/v2\/posts\/91793","targetHints":{"allow":["GET"]}}],"collection":[{"href":"https:\/\/www.europesays.com\/se\/wp-json\/wp\/v2\/posts"}],"about":[{"href":"https:\/\/www.europesays.com\/se\/wp-json\/wp\/v2\/types\/post"}],"author":[{"embeddable":true,"href":"https:\/\/www.europesays.com\/se\/wp-json\/wp\/v2\/users\/2"}],"replies":[{"embeddable":true,"href":"https:\/\/www.europesays.com\/se\/wp-json\/wp\/v2\/comments?post=91793"}],"version-history":[{"count":0,"href":"https:\/\/www.europesays.com\/se\/wp-json\/wp\/v2\/posts\/91793\/revisions"}],"wp:featuredmedia":[{"embeddable":true,"href":"https:\/\/www.europesays.com\/se\/wp-json\/wp\/v2\/media\/91794"}],"wp:attachment":[{"href":"https:\/\/www.europesays.com\/se\/wp-json\/wp\/v2\/media?parent=91793"}],"wp:term":[{"taxonomy":"category","embeddable":true,"href":"https:\/\/www.europesays.com\/se\/wp-json\/wp\/v2\/categories?post=91793"},{"taxonomy":"post_tag","embeddable":true,"href":"https:\/\/www.europesays.com\/se\/wp-json\/wp\/v2\/tags?post=91793"}],"curies":[{"name":"wp","href":"https:\/\/api.w.org\/{rel}","templated":true}]}}