{"id":91800,"date":"2025-11-28T06:11:18","date_gmt":"2025-11-28T06:11:18","guid":{"rendered":"https:\/\/www.europesays.com\/se\/91800\/"},"modified":"2025-11-28T06:11:18","modified_gmt":"2025-11-28T06:11:18","slug":"slakting-till-karoline-leavitt-pa-vag-att-utvisas","status":"publish","type":"post","link":"https:\/\/www.europesays.com\/se\/91800\/","title":{"rendered":"Sl\u00e4kting till Karoline Leavitt p\u00e5 v\u00e4g att utvisas"},"content":{"rendered":"<p>Den amerikanska migrationsmyndigheten ICE har frihetsber\u00f6vat en kvinna som \u00e4r sl\u00e4kt med Vita husets pressekreterare Karoline Leavitt. Det rapporterar NBC News. Det handlar om mamman till ett av Leavitts syskonbarn.<\/p>\n<p>En talesperson f\u00f6r USA:s inrikess\u00e4kerhetsdepartement uppger att kvinnan, som \u00e4r brasiliansk medborgare, stannat kvar i USA efter att hennes turistvisum l\u00f6pte ut 1999.<\/p>\n<p>Familjen uppger i en insamling p\u00e5 n\u00e4tet att hon kom till USA som barn 1998 och har \u201dgjort allt i sin makt f\u00f6r att bygga ett stabilt, hederligt liv\u201d. <\/p>\n<p>Hon ska tidigare ha haft skydd genom DACA-programmet, som skyddar personer som invandrat illegalt till USA som barn.<\/p>\n<p>Omni \u00e4r politiskt obundna och oberoende. Vi str\u00e4var efter att ge fler perspektiv p\u00e5 nyheterna. Har du fr\u00e5gor eller synpunkter kring v\u00e5r rapportering? <a href=\"https:\/\/omni.se\/slakting-till-karoline-leavitt-pa-vag-att-utvisas\/a\/mailto:redaktion@omni.se\" class=\"ArticleActions_contactLink__W2F1M\" rel=\"nofollow noopener\" target=\"_blank\">Kontakta redaktionen<\/a><\/p>\n","protected":false},"excerpt":{"rendered":"Den amerikanska migrationsmyndigheten ICE har frihetsber\u00f6vat en kvinna som \u00e4r sl\u00e4kt med Vita husets pressekreterare Karoline Leavitt. Det&hellip;\n","protected":false},"author":2,"featured_media":91801,"comment_status":"","ping_status":"","sticky":false,"template":"","format":"standard","meta":{"footnotes":""},"categories":[14],"tags":[22,23,26,27,17,21,24,25,28,29,15,268,16,18,34,31,33,32,30,19,20,386,74,51,52,53,54],"class_list":{"0":"post-91800","1":"post","2":"type-post","3":"status-publish","4":"format-standard","5":"has-post-thumbnail","7":"category-varlden","8":"tag-breaking-news","9":"tag-breakingnews","10":"tag-featured-news","11":"tag-featurednews","12":"tag-headlines","13":"tag-huvudnyheter","14":"tag-latest-news","15":"tag-latestnews","16":"tag-main-news","17":"tag-mainnews","18":"tag-news","19":"tag-nordamerika","20":"tag-nyheter","21":"tag-rubriker","22":"tag-se","23":"tag-svenska","24":"tag-sverige","25":"tag-sweden","26":"tag-swedish","27":"tag-top-stories","28":"tag-topstories","29":"tag-trumps-usa","30":"tag-usa","31":"tag-varlden","32":"tag-world","33":"tag-world-news","34":"tag-worldnews"},"share_on_mastodon":{"url":"https:\/\/pubeurope.com\/@se\/115625845303124364","error":""},"_links":{"self":[{"href":"https:\/\/www.europesays.com\/se\/wp-json\/wp\/v2\/posts\/91800","targetHints":{"allow":["GET"]}}],"collection":[{"href":"https:\/\/www.europesays.com\/se\/wp-json\/wp\/v2\/posts"}],"about":[{"href":"https:\/\/www.europesays.com\/se\/wp-json\/wp\/v2\/types\/post"}],"author":[{"embeddable":true,"href":"https:\/\/www.europesays.com\/se\/wp-json\/wp\/v2\/users\/2"}],"replies":[{"embeddable":true,"href":"https:\/\/www.europesays.com\/se\/wp-json\/wp\/v2\/comments?post=91800"}],"version-history":[{"count":0,"href":"https:\/\/www.europesays.com\/se\/wp-json\/wp\/v2\/posts\/91800\/revisions"}],"wp:featuredmedia":[{"embeddable":true,"href":"https:\/\/www.europesays.com\/se\/wp-json\/wp\/v2\/media\/91801"}],"wp:attachment":[{"href":"https:\/\/www.europesays.com\/se\/wp-json\/wp\/v2\/media?parent=91800"}],"wp:term":[{"taxonomy":"category","embeddable":true,"href":"https:\/\/www.europesays.com\/se\/wp-json\/wp\/v2\/categories?post=91800"},{"taxonomy":"post_tag","embeddable":true,"href":"https:\/\/www.europesays.com\/se\/wp-json\/wp\/v2\/tags?post=91800"}],"curies":[{"name":"wp","href":"https:\/\/api.w.org\/{rel}","templated":true}]}}