{"id":91831,"date":"2025-11-28T07:02:23","date_gmt":"2025-11-28T07:02:23","guid":{"rendered":"https:\/\/www.europesays.com\/se\/91831\/"},"modified":"2025-11-28T07:02:23","modified_gmt":"2025-11-28T07:02:23","slug":"enklare-att-bygga-till-nya-regler-kraven-blir-anda-kvar","status":"publish","type":"post","link":"https:\/\/www.europesays.com\/se\/91831\/","title":{"rendered":"Enklare att bygga till \u2013 nya regler: \u201dKraven blir \u00e4nd\u00e5 kvar\u201d"},"content":{"rendered":"<p class=\"mb-4 mx-auto max-w-xl\"><strong>Den 1 december \u00e4ndras plan- och bygglagen. F\u00f6r gemene man inneb\u00e4r det flera l\u00e4ttnader n\u00e4r man nu f\u00e5r bygga ut upp till 30 kvadratmeter utan bygglov.<\/strong><\/p>\n<p class=\"text-sm py-4 font-sans font-semibold\">SNABBVERSION<\/p>\n<ul class=\"list-outside list-disc pl-5 font-sans\">\n<li class=\"leading-normal text-base [&amp;_a]:text-link mb-2 last:mb-auto marker:text-lg marker:text-primary dark:marker:text-primary-100\">Lag\u00e4ndringen syftar till att f\u00f6renkla bygglovsprocessen med \u00f6ver 100 \u00e4ndringar. Byggnader under 30 kvadratmeter kr\u00e4ver inte l\u00e4ngre bygglov, men tidigare byggen r\u00e4knas in. <\/li>\n<li class=\"leading-normal text-base [&amp;_a]:text-link mb-2 last:mb-auto marker:text-lg marker:text-primary dark:marker:text-primary-100\">Ansvaret f\u00f6r att f\u00f6lja regler flyttas till byggherren, men lagkraven kvarst\u00e5r. <\/li>\n<li class=\"leading-normal text-base [&amp;_a]:text-link mb-2 last:mb-auto marker:text-lg marker:text-primary dark:marker:text-primary-100\">Kommunen f\u00f6rv\u00e4ntar sig f\u00e4rre \u00e4renden men \u00f6kad teknisk tillsyn och r\u00e5dgivning.<\/li>\n<\/ul>\n<p class=\"flex gap-x-2 pt-4 font-sans text-sm text-gray-600 dark:text-gray-300\"> Sammanfattningen \u00e4r skapad av AI och kvalitetss\u00e4krad av NKP.<\/p>\n<p>Visa mer<\/p>\n<p class=\"break-words mb-4 mx-auto max-w-xl\">Lag\u00e4ndringen har tillkommit f\u00f6r att f\u00f6renkla f\u00f6r den som s\u00f6ker bygglov. Totalt r\u00f6r det sig om \u00f6ver 100 olika \u00e4ndringar av lagtexten.<\/p>\n<p class=\"break-words mb-4 mx-auto max-w-xl\">\u2013 Vi tycker att det viktigaste \u00e4r att f\u00e5 ut budskapet om vad som g\u00e4ller f\u00f6r en- och tv\u00e5bostadshus. Det \u00e4r d\u00e4r de flesta \u00e4ndringarna som p\u00e5verkar privatpersoner finns, s\u00e4ger Henrik Bergin.<\/p>\n<p class=\"break-words mb-4 mx-auto max-w-xl\">Han och Filip Bo\u00e5sen \u00e4r byggnadsinspekt\u00f6rer p\u00e5 Kristinehamns kommun och de reder ut n\u00e5gra av de sp\u00f6rsm\u00e5l som allm\u00e4nheten kan t\u00e4nkas ha. F\u00f6r deras del kommer jobbet att f\u00f6rskjutas n\u00e5got fr\u00e5n tillst\u00e5ndshantering mot tillsynsfunktion.<\/p>\n<p class=\"break-words mb-4 mx-auto max-w-xl\">Tidigare har de granskat bygglovsans\u00f6kningar f\u00f6r att se till att bygget f\u00f6ljer g\u00e4llande regler, men det ansvaret flyttas \u00f6ver till byggherren.<\/p>\n<p class=\"break-words mb-4 mx-auto max-w-xl\">\u2013 Men kraven blir \u00e4nd\u00e5 kvar. Lagstiftningen g\u00e4ller fortfarande \u00e4ven om ansvaret f\u00f6r\u00e4ndras, s\u00e4ger Filip Bo\u00e5sen.<\/p>\n<p>Ha koll p\u00e5 totalen<\/p>\n<p class=\"break-words mb-4 mx-auto max-w-xl\">Skillnaden \u00e4r att byggen under 30 kvadratmeter inte l\u00e4ngre kr\u00e4ver bygglov. Men det \u00e4r inte hela sanningen. Har man redan byggt ut 20 kvadratmeter utan bygglov, exempelvis sk\u00e4rmtak eller attefallstillbyggnad, f\u00e5r man inte 30 till.<\/p>\n<p class=\"break-words mb-4 mx-auto max-w-xl\">\u2013 Allt man har byggt tidigare r\u00e4knas in i de 30 kvadratmeterna, f\u00f6rtydligar Filip Bo\u00e5sen.<\/p>\n<p class=\"break-words mb-4 mx-auto max-w-xl\">Det blir ocks\u00e5 en \u00e4ndring n\u00e4r det g\u00e4ller fasad\u00e4ndring.<\/p>\n<p class=\"break-words mb-4 mx-auto max-w-xl\">\u2013 Men varsamhetskrav och f\u00f6rvanskningskrav finns kvar, s\u00e4ger Henrik Bergin.<\/p>\n<p class=\"break-words mb-4 mx-auto max-w-xl\">De kraven blir det upp till fastighets\u00e4garen att ha koll p\u00e5, vilket kan vara lite sv\u00e5rt d\u00e5 det avg\u00f6rs fr\u00e5n fall till fall vad som g\u00e4ller. Fr\u00e5n kommunens sida \u00e4r r\u00e5det att \u00e4nd\u00e5 h\u00f6ra av sig till bygglovsenheten f\u00f6r att f\u00e5 hj\u00e4lp p\u00e5 v\u00e4gen.<\/p>\n<p class=\"break-words mb-4 mx-auto max-w-xl\">\u2013 Det \u00e4r mycket dyrare att r\u00e4tta till efterhand \u00e4n att g\u00f6ra r\u00e4tt fr\u00e5n b\u00f6rjan, s\u00e4ger Henrik Bergin.<\/p>\n<p class=\"break-words mb-4 mx-auto max-w-xl\">Och som vanligt finns det undantag att ha koll p\u00e5. Hus som anses s\u00e4rskilt v\u00e4rdefulla byggnadsm\u00e4ssigt eller kulturhistoriskt intressanta \u00e4r undantag. Vilka hus som \u00e4r kulturhistoriskt intressanta kan vara sv\u00e5rt att avg\u00f6ra.<\/p>\n<p>Grannar f\u00e5r tycka till<\/p>\n<p class=\"break-words mb-4 mx-auto max-w-xl\">Det kr\u00e4vs \u00e4ven ett skriftligt medgivande fr\u00e5n grannar om man g\u00f6r n\u00e5got inom 4,5 meter fr\u00e5n tomtgr\u00e4nsen. En nyhet inom det omr\u00e5det \u00e4r att \u00e4ven kommunen som \u00e4gare av allm\u00e4n platsmark ska ge sitt medgivande i dylika fall.<\/p>\n<p class=\"break-words mb-4 mx-auto max-w-xl\">\u2013 Det blir ett moment till f\u00f6r kommunen, men jag tror att det kommer att bli till det b\u00e4ttre, s\u00e4ger Henrik Bergin.<\/p>\n<p class=\"break-words mb-4 mx-auto max-w-xl\"><strong>Vad betyder de h\u00e4r lag\u00e4ndringarna f\u00f6r er del?<\/strong><\/p>\n<p class=\"break-words mb-4 mx-auto max-w-xl\">\u2013 Regeringen r\u00e4knar med att vi ska f\u00e5 30 procent f\u00e4rre \u00e4renden att handl\u00e4gga, men vi ser en farh\u00e5ga i att den tekniska tillsynen kommer att bli st\u00f6rre, s\u00e4ger Henrik Bergin.<\/p>\n<p class=\"break-words mb-4 mx-auto max-w-xl\">Han och Filip Bo\u00e5sen tror att m\u00e4ngden r\u00e5dgivningar kommer att \u00f6ka rej\u00e4lt.<\/p>\n<p class=\"break-words mb-4 mx-auto max-w-xl\">\u2013 En positiv effekt \u00e4r att vi kan l\u00e4gga mer kraft och fokus p\u00e5 vad som faktiskt kr\u00e4ver bygglov, s\u00e4ger Henrik Bergin.<\/p>\n<p class=\"break-words mb-4 mx-auto max-w-xl\">Filip Bo\u00e5sen ser en stor f\u00f6rdel f\u00f6r dem som ska bygga nytt och samtidigt vilja g\u00f6ra en lovbefriad tillbyggnad. De nya reglerna g\u00f6r det m\u00f6jligt att g\u00f6ra det samtidigt. Tidigare har huvudbyggnaden varit tvungen att st\u00e5 klar innan man f\u00e5tt g\u00f6ra en bygglovsbefriad tillbyggnad.<\/p>\n<p class=\"break-words mb-4 mx-auto max-w-xl\">\u2013 Nu kan man planera f\u00f6r det fr\u00e5n start och det kommer att ge en mycket b\u00e4ttre helhetsl\u00f6sning f\u00f6r den som bygger. Man slipper exempelvis att ta dit samma hantverkare flera g\u00e5nger, vilket b\u00f6r effektivisera bygget, s\u00e4ger han.<\/p>\n<p>F\u00f6retagstr\u00e4ffar<\/p>\n<p class=\"break-words mb-4 mx-auto max-w-xl\">Kommunen har bjudit in intresserade f\u00f6retag till informationstr\u00e4ffar f\u00f6r att ber\u00e4tta om hur de kommer att p\u00e5verkas av lag\u00e4ndringen.<\/p>\n<p class=\"break-words mb-4 mx-auto max-w-xl\">P\u00e5 kommunens hemsida finns mycket information att h\u00e4mta kring vad som g\u00e4ller med bygglov och liknande. All den informationen ska uppdateras och d\u00e4r tror varken Filip Bo\u00e5sen eller Henrik Bergin att man kommer att hinna klart till den 1 december.<\/p>\n<p class=\"break-words mb-4 mx-auto max-w-xl\">\u2013 Men ring och fr\u00e5ga. Hellre ett samtal f\u00f6r mycket \u00e4n ett f\u00f6r lite, \u00e4r r\u00e5det de skickar med till kristinehamnarna.<\/p>\n<p>S\u00e5 f\u00e5r du hj\u00e4lp<\/p>\n<ul class=\"list-outside list-disc pl-4 font-sans\">\n<li class=\"leading-normal text-base [&amp;_a]:text-link mb-1 last:mb-auto marker:text-lg marker:text-primary dark:marker:text-primary-100\">Via bygglovsenhetens servicetelefon 0550-880 60.<\/li>\n<li class=\"leading-normal text-base [&amp;_a]:text-link mb-1 last:mb-auto marker:text-lg marker:text-primary dark:marker:text-primary-100\">Genom att mejla <a href=\"https:\/\/www.nkp.se\/cdn-cgi\/l\/email-protection\" class=\"__cf_email__\" data-cfemail=\"f78483969384958e9090999693b79c859e84839e99929f969a99d98492\" rel=\"nofollow noopener\" target=\"_blank\">[email\u00a0protected]<\/a>.<\/li>\n<li class=\"leading-normal text-base [&amp;_a]:text-link mb-1 last:mb-auto marker:text-lg marker:text-primary dark:marker:text-primary-100\">Via kommunens hemsida g\u00e5r det att boka r\u00e5dgivning. Den kan ske via telefon, digitalt eller fysiskt m\u00f6te.<\/li>\n<li class=\"leading-normal text-base [&amp;_a]:text-link mb-1 last:mb-auto marker:text-lg marker:text-primary dark:marker:text-primary-100\">Ta del av informationen p\u00e5 kommunens hemsida.<\/li>\n<\/ul>\n<p>SE KLIPPET<\/p>\n<p>7 tips att t\u00e4nka p\u00e5 innan du renoverar hemma<\/p>\n<p>Att renovera hemma \u00e4r ett sp\u00e4nnande projekt som kan lyfta b\u00e5de ditt boende och dess v\u00e4rde. F\u00f6r att undvika stress och ov\u00e4ntade problem \u00e4r det dock viktigt att planera noga. H\u00e4r \u00e4r n\u00e5gra tips som hj\u00e4lper dig p\u00e5 v\u00e4gen.<\/p>\n","protected":false},"excerpt":{"rendered":"Den 1 december \u00e4ndras plan- och bygglagen. F\u00f6r gemene man inneb\u00e4r det flera l\u00e4ttnader n\u00e4r man nu f\u00e5r&hellip;\n","protected":false},"author":2,"featured_media":91832,"comment_status":"","ping_status":"","sticky":false,"template":"","format":"standard","meta":{"footnotes":""},"categories":[12],"tags":[22,23,26,27,17,21,24,25,28,29,15,16,18,34,31,33,32,30,19,20],"class_list":{"0":"post-91831","1":"post","2":"type-post","3":"status-publish","4":"format-standard","5":"has-post-thumbnail","7":"category-sverige","8":"tag-breaking-news","9":"tag-breakingnews","10":"tag-featured-news","11":"tag-featurednews","12":"tag-headlines","13":"tag-huvudnyheter","14":"tag-latest-news","15":"tag-latestnews","16":"tag-main-news","17":"tag-mainnews","18":"tag-news","19":"tag-nyheter","20":"tag-rubriker","21":"tag-se","22":"tag-svenska","23":"tag-sverige","24":"tag-sweden","25":"tag-swedish","26":"tag-top-stories","27":"tag-topstories"},"share_on_mastodon":{"url":"https:\/\/pubeurope.com\/@se\/115626045905798581","error":""},"_links":{"self":[{"href":"https:\/\/www.europesays.com\/se\/wp-json\/wp\/v2\/posts\/91831","targetHints":{"allow":["GET"]}}],"collection":[{"href":"https:\/\/www.europesays.com\/se\/wp-json\/wp\/v2\/posts"}],"about":[{"href":"https:\/\/www.europesays.com\/se\/wp-json\/wp\/v2\/types\/post"}],"author":[{"embeddable":true,"href":"https:\/\/www.europesays.com\/se\/wp-json\/wp\/v2\/users\/2"}],"replies":[{"embeddable":true,"href":"https:\/\/www.europesays.com\/se\/wp-json\/wp\/v2\/comments?post=91831"}],"version-history":[{"count":0,"href":"https:\/\/www.europesays.com\/se\/wp-json\/wp\/v2\/posts\/91831\/revisions"}],"wp:featuredmedia":[{"embeddable":true,"href":"https:\/\/www.europesays.com\/se\/wp-json\/wp\/v2\/media\/91832"}],"wp:attachment":[{"href":"https:\/\/www.europesays.com\/se\/wp-json\/wp\/v2\/media?parent=91831"}],"wp:term":[{"taxonomy":"category","embeddable":true,"href":"https:\/\/www.europesays.com\/se\/wp-json\/wp\/v2\/categories?post=91831"},{"taxonomy":"post_tag","embeddable":true,"href":"https:\/\/www.europesays.com\/se\/wp-json\/wp\/v2\/tags?post=91831"}],"curies":[{"name":"wp","href":"https:\/\/api.w.org\/{rel}","templated":true}]}}