{"id":91833,"date":"2025-11-28T07:03:57","date_gmt":"2025-11-28T07:03:57","guid":{"rendered":"https:\/\/www.europesays.com\/se\/91833\/"},"modified":"2025-11-28T07:03:57","modified_gmt":"2025-11-28T07:03:57","slug":"familjer-polisanmaler-lakaren-oforlatliga-missar-jonkopings-posten-2","status":"publish","type":"post","link":"https:\/\/www.europesays.com\/se\/91833\/","title":{"rendered":"Familjer polisanm\u00e4ler l\u00e4karen: \u201dOf\u00f6rl\u00e5tliga missar\u201d \u2013 J\u00f6nk\u00f6pings-Posten"},"content":{"rendered":"<p>Sju av barnen som felaktigt friskf\u00f6rklarats av barnhj\u00e4rtl\u00e4karen bed\u00f6ms som allvarliga fall. Eliza, 8, i J\u00f6nk\u00f6ping \u00e4r ett av dem.<\/p>\n<p>Mamman Emelie Sk\u00f6rd Bj\u00f6rnberg och fyra andra familjer polisanm\u00e4ler nu l\u00e4karen.<\/p>\n<p>\u2013 F\u00f6r oss har den h\u00e4r l\u00e4karen gjort missar som \u00e4r of\u00f6rl\u00e5tliga, s\u00e4ger hon.<\/p>\n<p>\u201dVi tar det h\u00e4r p\u00e5 stort allvar\u201d, skriver Region Sk\u00e5ne i en kommentar till JP.<\/p>\n<p><img loading=\"lazy\" decoding=\"async\" width=\"980\" height=\"551\" class=\"article-image article-image--featured\" alt=\"Sju av barnen som felaktigt friskf\u00f6rklarats av barnhj\u00e4rtl\u00e4karen bed\u00f6ms som allvarliga fall. Eliza, 8, i J\u00f6nk\u00f6ping \u00e4r ett av dem. FOTO: Alexandra Locking.\" src=\"https:\/\/www.europesays.com\/se\/wp-content\/uploads\/2025\/11\/65d796d1-11d2-4ac5-a51e-f18ab67266ed.jpg\"  \/><a class=\"article__lightbox-link\" href=\"https:\/\/static.bonniernews.se\/ba\/65d796d1-11d2-4ac5-a51e-f18ab67266ed.jpg?crop=5535%2C3113%2Cx0%2Cy278&amp;width=1400&amp;format=pjpg&amp;auto=avif\" data-pswp-width=\"1400\" data-pswp-height=\"788\" data-pswp-caption=\"Sju av barnen som felaktigt friskf\u00f6rklarats av barnhj\u00e4rtl\u00e4karen bed\u00f6ms som allvarliga fall. Eliza, 8, i J\u00f6nk\u00f6ping \u00e4r ett av dem. FOTO: Alexandra Locking.\" data-pswp- rel=\"nofollow noopener\" target=\"_blank\">\u00d6ppna bild i helsk\u00e4rmsl\u00e4ge<\/a><\/p>\n<p class=\"txt-style-muted\" aria-hidden=\"true\">Sju av barnen som felaktigt friskf\u00f6rklarats av barnhj\u00e4rtl\u00e4karen bed\u00f6ms som allvarliga fall. Eliza, 8, i J\u00f6nk\u00f6ping \u00e4r ett av dem. FOTO: Alexandra Locking.<\/p>\n<p>Inspektionen f\u00f6r v\u00e5rd och omsorg, Ivo, planerar i januari att bes\u00f6ka L\u00e4nssjukhuset Ryhov f\u00f6r att granska barnkliniken. Man vill ta del av slutsatser och brister som sjukhusledningen har identifierat i sp\u00e5ren efter omtalade barnhj\u00e4rtl\u00e4karens bristande arbete.<\/p>\n<p>Tekniskt fel<\/p>\n<p class=\"message__text txt-ui txt-ui-2\">V\u00e4nligen f\u00f6rs\u00f6k igen senare.<\/p>\n<p>Den h\u00e4r artikeln \u00e4r bara f\u00f6r prenumeranter<\/p>\n<p class=\"txt-body txt-body-1\">Om du redan \u00e4r prenumerant: logga in!<\/p>\n","protected":false},"excerpt":{"rendered":"Sju av barnen som felaktigt friskf\u00f6rklarats av barnhj\u00e4rtl\u00e4karen bed\u00f6ms som allvarliga fall. Eliza, 8, i J\u00f6nk\u00f6ping \u00e4r ett&hellip;\n","protected":false},"author":2,"featured_media":90957,"comment_status":"","ping_status":"","sticky":false,"template":"","format":"standard","meta":{"footnotes":""},"categories":[5],"tags":[22,23,26,27,17,21,24,25,28,29,15,16,18,34,31,33,32,30,19,20],"class_list":{"0":"post-91833","1":"post","2":"type-post","3":"status-publish","4":"format-standard","5":"has-post-thumbnail","7":"category-rubriker","8":"tag-breaking-news","9":"tag-breakingnews","10":"tag-featured-news","11":"tag-featurednews","12":"tag-headlines","13":"tag-huvudnyheter","14":"tag-latest-news","15":"tag-latestnews","16":"tag-main-news","17":"tag-mainnews","18":"tag-news","19":"tag-nyheter","20":"tag-rubriker","21":"tag-se","22":"tag-svenska","23":"tag-sverige","24":"tag-sweden","25":"tag-swedish","26":"tag-top-stories","27":"tag-topstories"},"share_on_mastodon":{"url":"https:\/\/pubeurope.com\/@se\/115626053833279998","error":""},"_links":{"self":[{"href":"https:\/\/www.europesays.com\/se\/wp-json\/wp\/v2\/posts\/91833","targetHints":{"allow":["GET"]}}],"collection":[{"href":"https:\/\/www.europesays.com\/se\/wp-json\/wp\/v2\/posts"}],"about":[{"href":"https:\/\/www.europesays.com\/se\/wp-json\/wp\/v2\/types\/post"}],"author":[{"embeddable":true,"href":"https:\/\/www.europesays.com\/se\/wp-json\/wp\/v2\/users\/2"}],"replies":[{"embeddable":true,"href":"https:\/\/www.europesays.com\/se\/wp-json\/wp\/v2\/comments?post=91833"}],"version-history":[{"count":0,"href":"https:\/\/www.europesays.com\/se\/wp-json\/wp\/v2\/posts\/91833\/revisions"}],"wp:featuredmedia":[{"embeddable":true,"href":"https:\/\/www.europesays.com\/se\/wp-json\/wp\/v2\/media\/90957"}],"wp:attachment":[{"href":"https:\/\/www.europesays.com\/se\/wp-json\/wp\/v2\/media?parent=91833"}],"wp:term":[{"taxonomy":"category","embeddable":true,"href":"https:\/\/www.europesays.com\/se\/wp-json\/wp\/v2\/categories?post=91833"},{"taxonomy":"post_tag","embeddable":true,"href":"https:\/\/www.europesays.com\/se\/wp-json\/wp\/v2\/tags?post=91833"}],"curies":[{"name":"wp","href":"https:\/\/api.w.org\/{rel}","templated":true}]}}