{"id":91838,"date":"2025-11-28T07:10:12","date_gmt":"2025-11-28T07:10:12","guid":{"rendered":"https:\/\/www.europesays.com\/se\/91838\/"},"modified":"2025-11-28T07:10:12","modified_gmt":"2025-11-28T07:10:12","slug":"pete-hegseth-vill-stoppa-militarens-stod-till-scouterna","status":"publish","type":"post","link":"https:\/\/www.europesays.com\/se\/91838\/","title":{"rendered":"Pete Hegseth vill stoppa milit\u00e4rens st\u00f6d till scouterna"},"content":{"rendered":"<p>Publicerad 27 nov 2025 kl 21.12Uppdaterad kl 21.56<\/p>\n<p>Pete Hegseth vill att milit\u00e4ren kapar banden till scouterna.<\/p>\n<p>De \u00e4r \u201dk\u00f6nl\u00f6sa\u201d och misslyckas att \u201dodla manliga v\u00e4rderingar\u201d menar den amerikanska krigsministern.<\/p>\n<p>\u2013 Organisationen som en g\u00e5ng st\u00f6ttades av president Theodore Roosevelt st\u00f6der inte l\u00e4ngre amerikanska pojkars framtid, s\u00e4ger han, enligt <a href=\"https:\/\/www.theguardian.com\/us-news\/2025\/nov\/26\/pete-hegseth-scouting-america-gender\" rel=\"nofollow noopener\" target=\"_blank\">The Guardian<\/a>.<\/p>\n<p>Senaste klippen om Trump-administrationen.<img   alt=\"\"\/> <\/p>\n<p>Foto: ANDREW HARNIK \/ AP TT NYHETSBYR\u00c5N<\/p>\n<p>\u00d6ppna bild i helsk\u00e4rm<img loading=\"lazy\"   alt=\"\"\/><\/p>\n<p>Den amerikanska scoutorganisationen, Scouting America, har i dag en miljon medlemmar som \u00e4r ungdomar.<\/p>\n<p>Foto: JAMES QUIGG \/ AP TT NYHETSBYR\u00c5N<\/p>\n<p>\u00d6ppna bild i helsk\u00e4rm<\/p>\n<p>Den amerikanska krigsministern <a href=\"https:\/\/www.expressen.se\/tagg\/person\/pete-hegseth\/\" class=\"\" rel=\"nofollow noopener\" target=\"_blank\">Pete Hegseth<\/a> vill att den amerikanska milit\u00e4ren kapar sina band till scouterna i USA, skriver The Guardian.\u00a0<\/p>\n<p>I ett utkast till ett f\u00f6rslag, som NPR tagit del av, kritiserar han organisationen f\u00f6r att attackera \u201dpojkv\u00e4nliga ytor\u201d. Pete Hegseth menar \u00e4ven att scouterna har blivit \u201dk\u00f6nl\u00f6sa\u201d och misslyckas att \u201dodla manliga v\u00e4rderingar\u201d.<\/p>\n<p>Artikeln i korthet<\/p>\n<p> USA:s krigsminister Pete Hegseth vill att milit\u00e4ren klipper banden med scouterna.<\/p>\n<p> Han anklagar organisationen f\u00f6r att vara \u201dk\u00f6nl\u00f6s\u201d och inte odla manliga v\u00e4rderingar.<\/p>\n<p> F\u00f6rslaget har v\u00e4ckt stark f\u00f6rv\u00e5ning och kritik fr\u00e5n Scouting America.<\/p>\n<p>Visa merKan skada nationella s\u00e4kerheten<\/p>\n<p>Enligt f\u00f6rslaget ska milit\u00e4ren bland annat sluta backa National Jamboree i West Virginia d\u00e4r 20 000 scouter tr\u00e4ffas vart fj\u00e4rde \u00e5r. Scouterna ska inte heller l\u00e4ngre f\u00e5 bes\u00f6ka amerikanska milit\u00e4ra anl\u00e4ggningar i USA och utomlands.<\/p>\n<p>I dag l\u00e5nar scouterna lastbilar, ambulanser och medicinska team gratis vid st\u00f6rre l\u00e4ger. Men det ska ocks\u00e5 dras in.<\/p>\n<p>Peter Hegseth menar att organisationen skapar \u201dk\u00f6nsf\u00f6rvirring\u201d och att den nationella s\u00e4kerheten skulle kunna skadas om USA skicka trupper och utrustning till Jamboreen. \u00a0<\/p>\n<p>\u2013 Organisationen som en g\u00e5ng st\u00f6ttades av president Theodore Roosevelt st\u00f6der inte l\u00e4ngre amerikanska pojkars framtid, skriver krigsministern i f\u00f6rslaget.<\/p>\n<p>Scouterna f\u00f6rv\u00e5nade<\/p>\n<p>Den amerikanska milit\u00e4ren har st\u00f6tt scouterna i mer \u00e4n ett \u00e5rhundrade. Organisationen sj\u00e4lva ska ha blivit f\u00f6rv\u00e5nande och besvikna p\u00e5 f\u00f6rslaget och kritiken.\u00a0<\/p>\n<p>\u2013 V\u00e5r nations milit\u00e4r har vandrat sida vid sida med scouter i generationer, skriver Scouting America i ett uttalande.\u00a0<\/p>\n<p>En stor del av den amerikanska milit\u00e4ren har tidigare varit med i scouterna. En femtedel av kadetterna vid milit\u00e4rskolor har tidigare varit Eagle scouts, vilket \u00e4r den h\u00f6gsta graden inom scouterna.\u00a0<\/p>\n<p>\u201dFiender samlas \u2013 hoten v\u00e4xer.\u201d<\/p>\n","protected":false},"excerpt":{"rendered":"Publicerad 27 nov 2025 kl 21.12Uppdaterad kl 21.56 Pete Hegseth vill att milit\u00e4ren kapar banden till scouterna. De&hellip;\n","protected":false},"author":2,"featured_media":91839,"comment_status":"","ping_status":"","sticky":false,"template":"","format":"standard","meta":{"footnotes":""},"categories":[14],"tags":[22,23,26,27,17,21,24,25,28,29,15,16,1455,18,34,55,31,33,32,30,19,204,20,51,52,53,54],"class_list":{"0":"post-91838","1":"post","2":"type-post","3":"status-publish","4":"format-standard","5":"has-post-thumbnail","7":"category-varlden","8":"tag-breaking-news","9":"tag-breakingnews","10":"tag-featured-news","11":"tag-featurednews","12":"tag-headlines","13":"tag-huvudnyheter","14":"tag-latest-news","15":"tag-latestnews","16":"tag-main-news","17":"tag-mainnews","18":"tag-news","19":"tag-nyheter","20":"tag-person-pete-hegseth","21":"tag-rubriker","22":"tag-se","23":"tag-sections-varlden","24":"tag-svenska","25":"tag-sverige","26":"tag-sweden","27":"tag-swedish","28":"tag-top-stories","29":"tag-topic-amerikansk-politik","30":"tag-topstories","31":"tag-varlden","32":"tag-world","33":"tag-world-news","34":"tag-worldnews"},"share_on_mastodon":{"url":"https:\/\/pubeurope.com\/@se\/115626077511710628","error":""},"_links":{"self":[{"href":"https:\/\/www.europesays.com\/se\/wp-json\/wp\/v2\/posts\/91838","targetHints":{"allow":["GET"]}}],"collection":[{"href":"https:\/\/www.europesays.com\/se\/wp-json\/wp\/v2\/posts"}],"about":[{"href":"https:\/\/www.europesays.com\/se\/wp-json\/wp\/v2\/types\/post"}],"author":[{"embeddable":true,"href":"https:\/\/www.europesays.com\/se\/wp-json\/wp\/v2\/users\/2"}],"replies":[{"embeddable":true,"href":"https:\/\/www.europesays.com\/se\/wp-json\/wp\/v2\/comments?post=91838"}],"version-history":[{"count":0,"href":"https:\/\/www.europesays.com\/se\/wp-json\/wp\/v2\/posts\/91838\/revisions"}],"wp:featuredmedia":[{"embeddable":true,"href":"https:\/\/www.europesays.com\/se\/wp-json\/wp\/v2\/media\/91839"}],"wp:attachment":[{"href":"https:\/\/www.europesays.com\/se\/wp-json\/wp\/v2\/media?parent=91838"}],"wp:term":[{"taxonomy":"category","embeddable":true,"href":"https:\/\/www.europesays.com\/se\/wp-json\/wp\/v2\/categories?post=91838"},{"taxonomy":"post_tag","embeddable":true,"href":"https:\/\/www.europesays.com\/se\/wp-json\/wp\/v2\/tags?post=91838"}],"curies":[{"name":"wp","href":"https:\/\/api.w.org\/{rel}","templated":true}]}}